{"id":6107,"date":"2020-08-08T12:46:38","date_gmt":"2020-08-08T15:46:38","guid":{"rendered":"http:\/\/oasisfm935.com\/site\/?p=6107"},"modified":"2020-08-08T12:46:38","modified_gmt":"2020-08-08T15:46:38","slug":"buenas-noticias-ya-son-35-las-personas-recuperadas-por-coronavirus-en-la-pampa-y-las-28-muestras-analizadas-esta-manana-dieron-negativo","status":"publish","type":"post","link":"https:\/\/oasisfm935.com.ar\/site\/buenas-noticias-ya-son-35-las-personas-recuperadas-por-coronavirus-en-la-pampa-y-las-28-muestras-analizadas-esta-manana-dieron-negativo\/","title":{"rendered":"\u00a1Buenas noticias! Ya son 35 las personas recuperadas por coronavirus en La Pampa y las 28 muestras analizadas esta ma\u00f1ana dieron negativo"},"content":{"rendered":"<p>El Gobierno de la Provincia de La Pampa, a trav\u00e9s del Ministerio de Salud, informa en el reporte matutino que 28 muestras analizadas en el Laboratorio Central de la Direcci\u00f3n de Epidemiolog\u00eca resultaron negativas para COVID-19.<\/p>\n<p>Del total de 176 personas con coronavirus registradas en la provincia desde el inicio de la pandemia, 35 ya se encuentran recuperadas, y 141 permanecen activas. Estas \u00faltimas est\u00e1n distribuidas de la siguiente manera: 45 en la ciudad de Santa Rosa, 4 en General Acha, 54 en Catril\u00f3, 22 en General Pico, 6 en Macach\u00edn, 3 en Embajador Martini, 1 en Santa Isabel, 2 en Toay, 1 Guatrach\u00e9 , 1 en Alta Italia y 2 en La Adela.<\/p>\n<p>Los contactos estrechos de los casos confirmados se encuentran estrictamente aislados y est\u00e1n distribuidos en las localidades de General Acha, Macach\u00edn, Santa Rosa, Toay, Lonquimay, Anguil, Relmo, Santa Isabel, Intendente Alvear, Catril\u00f3, Alta Italia, General Pico, Quehu\u00e9 y Guatrach\u00e9.<\/p>\n<p>Al d\u00eda de la fecha en la provincia de la Pampa se encuentran internadas un total de 9 personas confirmadas para COVID-19. En General Pico 4 personas internadas en el Hospital Gobernador Centeno, de las cuales 3 permanecen con estado moderado y 1 persona en estado grave. En el Centro Emergente de Asistencia Respiratoria de la ciudad de Santa Rosa se encuentran internadas 5 personas, de las cuales 3 est\u00e1n con estado moderado y 2 contin\u00faan en estado grave en terapia intensiva.<\/p>\n<div class=\"oasis-despues-del-contenido\" id=\"oasis-1704394938\"><img loading=\"lazy\" decoding=\"async\" src=\"https:\/\/oasisfm935.com.ar\/site\/wp-content\/uploads\/2020\/08\/47806202-8741-49f2-a5c9-d2f930e5baa1.jpg\" alt=\"\"  srcset=\"https:\/\/oasisfm935.com.ar\/site\/wp-content\/uploads\/2020\/08\/47806202-8741-49f2-a5c9-d2f930e5baa1.jpg 1080w, https:\/\/oasisfm935.com.ar\/site\/wp-content\/uploads\/2020\/08\/47806202-8741-49f2-a5c9-d2f930e5baa1-300x300.jpg 300w, https:\/\/oasisfm935.com.ar\/site\/wp-content\/uploads\/2020\/08\/47806202-8741-49f2-a5c9-d2f930e5baa1-1024x1024.jpg 1024w, https:\/\/oasisfm935.com.ar\/site\/wp-content\/uploads\/2020\/08\/47806202-8741-49f2-a5c9-d2f930e5baa1-150x150.jpg 150w, https:\/\/oasisfm935.com.ar\/site\/wp-content\/uploads\/2020\/08\/47806202-8741-49f2-a5c9-d2f930e5baa1-768x768.jpg 768w\" sizes=\"(max-width: 1080px) 100vw, 1080px\" class=\"no-lazyload\" width=\"1080\" height=\"1080\"  style=\"display: inline-block;\" \/><\/div>","protected":false},"excerpt":{"rendered":"<p>El Gobierno de la Provincia de La Pampa, a trav\u00e9s del Ministerio de Salud, informa en el reporte matutino que 28 muestras<\/p>\n","protected":false},"author":4,"featured_media":6108,"comment_status":"closed","ping_status":"open","sticky":false,"template":"","format":"standard","meta":{"colormag_page_layout":"default_layout","footnotes":""},"categories":[2],"tags":[],"class_list":["post-6107","post","type-post","status-publish","format-standard","has-post-thumbnail","hentry","category-noticias"],"_links":{"self":[{"href":"https:\/\/oasisfm935.com.ar\/site\/wp-json\/wp\/v2\/posts\/6107","targetHints":{"allow":["GET"]}}],"collection":[{"href":"https:\/\/oasisfm935.com.ar\/site\/wp-json\/wp\/v2\/posts"}],"about":[{"href":"https:\/\/oasisfm935.com.ar\/site\/wp-json\/wp\/v2\/types\/post"}],"author":[{"embeddable":true,"href":"https:\/\/oasisfm935.com.ar\/site\/wp-json\/wp\/v2\/users\/4"}],"replies":[{"embeddable":true,"href":"https:\/\/oasisfm935.com.ar\/site\/wp-json\/wp\/v2\/comments?post=6107"}],"version-history":[{"count":1,"href":"https:\/\/oasisfm935.com.ar\/site\/wp-json\/wp\/v2\/posts\/6107\/revisions"}],"predecessor-version":[{"id":6109,"href":"https:\/\/oasisfm935.com.ar\/site\/wp-json\/wp\/v2\/posts\/6107\/revisions\/6109"}],"wp:featuredmedia":[{"embeddable":true,"href":"https:\/\/oasisfm935.com.ar\/site\/wp-json\/wp\/v2\/media\/6108"}],"wp:attachment":[{"href":"https:\/\/oasisfm935.com.ar\/site\/wp-json\/wp\/v2\/media?parent=6107"}],"wp:term":[{"taxonomy":"category","embeddable":true,"href":"https:\/\/oasisfm935.com.ar\/site\/wp-json\/wp\/v2\/categories?post=6107"},{"taxonomy":"post_tag","embeddable":true,"href":"https:\/\/oasisfm935.com.ar\/site\/wp-json\/wp\/v2\/tags?post=6107"}],"curies":[{"name":"wp","href":"https:\/\/api.w.org\/{rel}","templated":true}]}}