{"id":6113,"date":"2020-08-08T18:25:54","date_gmt":"2020-08-08T21:25:54","guid":{"rendered":"http:\/\/oasisfm935.com\/site\/?p=6113"},"modified":"2020-08-08T18:25:54","modified_gmt":"2020-08-08T21:25:54","slug":"coronavirus-la-pampa-otras-51-muestras-dieron-negativo-y-se-recuperaron-3-personas-mas","status":"publish","type":"post","link":"https:\/\/oasisfm935.com.ar\/site\/coronavirus-la-pampa-otras-51-muestras-dieron-negativo-y-se-recuperaron-3-personas-mas\/","title":{"rendered":"Coronavirus La Pampa: Otras 51 muestras dieron negativo y se recuperaron 3 personas m\u00e1s."},"content":{"rendered":"<div id=\"wrapper-navbar\">\n<nav class=\"navbar-expand-md navbar-light navbar-zindex fixed-top\">\n<div class=\"row mr-2 ml-2 mt-1\">\n<div class=\"col-3 pr-2 pl-1\"><\/div>\n<\/div>\n<\/nav>\n<\/div>\n<div id=\"single-wrapper\" class=\"wrapper\">\n<div id=\"content\" class=\"container\">\n<div class=\"row\">\n<div class=\"col-md-8 col-lg-8 col-xl-8 col-sm-12 p-0\">\n<div class=\"col-md-12 mb-4\">\n<article id=\"post-81824\" class=\"noticia-single\">\n<div class=\"extracto\">\n<div class=\"entry-content\">\n<div id=\"essb_displayed_top_1961041738\" class=\"essb_links essb_displayed_top essb_share essb_template_round-retina essb_1961041738 essb_links_center print-no\" data-essb-postid=\"81824\" data-essb-position=\"top\" data-essb-button-style=\"button\" data-essb-template=\"round-retina\" data-essb-counter-pos=\"hidden\" data-essb-url=\"https:\/\/www.infopico.com\/2020\/08\/08\/coronavirus-la-pampa-otras-51-muestras-dieron-negativo-y-se-recuperaron-3-personas-mas\/\" data-essb-fullurl=\"https:\/\/www.infopico.com\/2020\/08\/08\/coronavirus-la-pampa-otras-51-muestras-dieron-negativo-y-se-recuperaron-3-personas-mas\/\" data-essb-instance=\"1961041738\">\n<p>Desde el Gobierno de la provincia de La Pampa y a trav\u00e9s del Ministerio de Salud se comunic\u00f3 que en horas de la tarde de hoy se analizaron un total de 51 muestras que resultaron negativas para COVID-19.<\/p>\n<\/div>\n<p>En el d\u00eda de la fecha 3 personas se han recuperado, 2 residentes de Catril\u00f3 y 1 de la ciudad de Santa Rosa.<\/p>\n<p>En total en la provincia de La Pampa se confirmaron desde el inicio de la pandemia 176 casos, de los cuales 38 se han recuperado y 138 permanecen activos.<\/p>\n<p><strong>Casos por localidades<\/strong><\/p>\n<p>Estos \u00faltimos est\u00e1n distribuidos de la siguiente manera: 44 en la ciudad de Santa Rosa, 4 en General Acha, 52 en Catril\u00f3, 22 en General Pico, 6 en Macach\u00edn, 3 en Embajador Martini, 1 en Santa Isabel, 2 en Toay, 1 Guatrach\u00e9, 1 en Alta Italia y 2 en La Adela.<\/p>\n<p>Los casos nuevos notificados en forma consecutiva, permitieron calcular el tiempo de duplicaci\u00f3n de casos que, para el d\u00eda 7 del mes corriente en La Pampa es de 38.33 d\u00edas, a diferencia del que se pudo calcular en la Provincia hacia fines del mes de julio con el aumento brusco del n\u00famero de casos que fue de 1.<\/p>\n<p>Este indicador sirve para estimar el tiempo que llevar\u00e1 duplicar los casos en el futuro, tomando como referencia el comportamiento de la enfermedad en los \u00faltimos 7 d\u00edas, es utilizado (junto con otros indicadores) para evaluar la efectividad de las medidas de contenci\u00f3n, conocer su variaci\u00f3n en el tiempo para planificar las intervenciones de Salud P\u00fablica.<\/p>\n<p>Si la velocidad de aparici\u00f3n de casos aumenta, el tiempo de duplicaci\u00f3n ser\u00e1 m\u00e1s bajo, es decir, ser\u00e1 menor el tiempo necesario para tener el doble de casos de personas con COVID-19. Por el contrario, si la velocidad de aparici\u00f3n se reduce, el tiempo de duplicaci\u00f3n aumentar\u00e1. Los contactos estrechos de los casos confirmados se encuentran estrictamente aislados y est\u00e1n distribuidos en las localidades de General Acha, Macach\u00edn, Santa Rosa, Toay, Lonquimay, Anguil, Relmo, Santa Isabel, Intendente Alvear, Catril\u00f3, Alta Italia, General Pico, Quehu\u00e9 y Guatrach\u00e9.<\/p>\n<p><strong>Internados<\/strong><\/p>\n<p>En La Pampa se encuentran internadas un total de 9 personas confirmadas para COVID-19. En General Pico 4 personas internadas en el Establecimiento Asistencial Gobernador Centeno, de las cuales 3 permanecen con estado moderado y 1 persona en estado grave.<\/p>\n<p>En el Centro Emergente de Asistencia Respiratoria de la ciudad de Santa Rosa se encuentran internadas 5 personas de las cuales 3 est\u00e1n con estado moderado y 2 contin\u00faan en estado grave en terapia intensiva.<\/p>\n<\/div>\n<\/div>\n<\/article>\n<\/div>\n<\/div>\n<\/div>\n<\/div>\n<\/div>\n<div class=\"oasis-despues-del-contenido\" id=\"oasis-1363734839\"><img loading=\"lazy\" decoding=\"async\" src=\"https:\/\/oasisfm935.com.ar\/site\/wp-content\/uploads\/2020\/08\/47806202-8741-49f2-a5c9-d2f930e5baa1.jpg\" alt=\"\"  srcset=\"https:\/\/oasisfm935.com.ar\/site\/wp-content\/uploads\/2020\/08\/47806202-8741-49f2-a5c9-d2f930e5baa1.jpg 1080w, https:\/\/oasisfm935.com.ar\/site\/wp-content\/uploads\/2020\/08\/47806202-8741-49f2-a5c9-d2f930e5baa1-300x300.jpg 300w, https:\/\/oasisfm935.com.ar\/site\/wp-content\/uploads\/2020\/08\/47806202-8741-49f2-a5c9-d2f930e5baa1-1024x1024.jpg 1024w, https:\/\/oasisfm935.com.ar\/site\/wp-content\/uploads\/2020\/08\/47806202-8741-49f2-a5c9-d2f930e5baa1-150x150.jpg 150w, https:\/\/oasisfm935.com.ar\/site\/wp-content\/uploads\/2020\/08\/47806202-8741-49f2-a5c9-d2f930e5baa1-768x768.jpg 768w\" sizes=\"(max-width: 1080px) 100vw, 1080px\" class=\"no-lazyload\" width=\"1080\" height=\"1080\"  style=\"display: inline-block;\" \/><\/div>","protected":false},"excerpt":{"rendered":"<p>Desde el Gobierno de la provincia de La Pampa y a trav\u00e9s del Ministerio de Salud se comunic\u00f3 que en horas de<\/p>\n","protected":false},"author":4,"featured_media":6114,"comment_status":"closed","ping_status":"open","sticky":false,"template":"","format":"standard","meta":{"colormag_page_layout":"default_layout","footnotes":""},"categories":[2],"tags":[],"class_list":["post-6113","post","type-post","status-publish","format-standard","has-post-thumbnail","hentry","category-noticias"],"_links":{"self":[{"href":"https:\/\/oasisfm935.com.ar\/site\/wp-json\/wp\/v2\/posts\/6113","targetHints":{"allow":["GET"]}}],"collection":[{"href":"https:\/\/oasisfm935.com.ar\/site\/wp-json\/wp\/v2\/posts"}],"about":[{"href":"https:\/\/oasisfm935.com.ar\/site\/wp-json\/wp\/v2\/types\/post"}],"author":[{"embeddable":true,"href":"https:\/\/oasisfm935.com.ar\/site\/wp-json\/wp\/v2\/users\/4"}],"replies":[{"embeddable":true,"href":"https:\/\/oasisfm935.com.ar\/site\/wp-json\/wp\/v2\/comments?post=6113"}],"version-history":[{"count":1,"href":"https:\/\/oasisfm935.com.ar\/site\/wp-json\/wp\/v2\/posts\/6113\/revisions"}],"predecessor-version":[{"id":6115,"href":"https:\/\/oasisfm935.com.ar\/site\/wp-json\/wp\/v2\/posts\/6113\/revisions\/6115"}],"wp:featuredmedia":[{"embeddable":true,"href":"https:\/\/oasisfm935.com.ar\/site\/wp-json\/wp\/v2\/media\/6114"}],"wp:attachment":[{"href":"https:\/\/oasisfm935.com.ar\/site\/wp-json\/wp\/v2\/media?parent=6113"}],"wp:term":[{"taxonomy":"category","embeddable":true,"href":"https:\/\/oasisfm935.com.ar\/site\/wp-json\/wp\/v2\/categories?post=6113"},{"taxonomy":"post_tag","embeddable":true,"href":"https:\/\/oasisfm935.com.ar\/site\/wp-json\/wp\/v2\/tags?post=6113"}],"curies":[{"name":"wp","href":"https:\/\/api.w.org\/{rel}","templated":true}]}}