{"id":6116,"date":"2020-08-09T09:48:20","date_gmt":"2020-08-09T12:48:20","guid":{"rendered":"http:\/\/oasisfm935.com\/site\/?p=6116"},"modified":"2020-08-09T09:48:20","modified_gmt":"2020-08-09T12:48:20","slug":"la-pampa-77-jefes-comunales-salieron-a-respaldar-la-gestion-de-ziliotto-ante-la-pandemia","status":"publish","type":"post","link":"https:\/\/oasisfm935.com.ar\/site\/la-pampa-77-jefes-comunales-salieron-a-respaldar-la-gestion-de-ziliotto-ante-la-pandemia\/","title":{"rendered":"La Pampa: 77 jefes comunales salieron a respaldar la gesti\u00f3n de Ziliotto ante la pandemia."},"content":{"rendered":"<header id=\"header\" class=\"header-header-5 has-bottom-line\">\n<div id=\"navigation-sticky-wrapper\" class=\"sticky-wrapper is-sticky\">\n<nav id=\"navigation\" class=\"header-layout-bottom menu-style-1 header-5\">\n<div class=\"container\">\n<div id=\"top-search\"><\/div>\n<\/div>\n<\/nav>\n<\/div>\n<\/header>\n<div class=\"container container-single penci_sidebar right-sidebar penci-enable-lightbox\">\n<div id=\"main\">\n<div class=\"theiaStickySidebar\">\n<article id=\"post-105770\" class=\"post-105770 post type-post status-publish format-standard has-post-thumbnail hentry category-destacadas category-politica tag-cuarentena\">\n<div class=\"post-entry blockquote-style-1\">\n<div class=\"inner-post-entry\">\n<p>Funcionarios y caciques del peronismo salieron a buscar el respaldo de los<strong>\u00a0jefes comunales<\/strong>\u00a0a la gesti\u00f3n del Gobierno provincial ante la pandemia del coronavirus y, como descontaban,\u00a0<strong>lograron un resultado abrumador<\/strong>:<strong>\u00a077 a 2<\/strong>.<\/p>\n<p>La gran mayor\u00eda sali\u00f3 a respaldar las medidas de<strong>\u00a0Sergio Ziliotto<\/strong>. Incluso\u00a0<strong>bancaron la querella<\/strong>\u00a0contra los funcionarios judiciales que est\u00e1n acusados de violar la cuarentena, durante un encuentro el D\u00eda del Amigo.<\/p>\n<div class=\"g g-2\">\n<div class=\"g-single a-8\"><\/div>\n<\/div>\n<p>Solo hay\u00a0<strong>dos d\u00edscolos<\/strong>: los radicales\u00a0<strong>Sergio Arrese<\/strong>\u00a0(Guatrach\u00e9) y\u00a0<strong>H\u00e9ctor Delahaye\u00a0<\/strong>(Anguil), quienes no pusieron firma a la solicitada pagada que publicaron en los diarios de papel.<\/p>\n<figure class=\"wp-block-image size-large\"><img decoding=\"async\" class=\"wp-image-73127\" src=\"http:\/\/diariotextual.com\/inicio\/wp-content\/uploads\/2019\/12\/ziliottosergiointendentes2019-1.jpg\" alt=\"\" \/><\/figure>\n<p>No se sorprendieron en Casa de Gobierno. Ambos<strong>\u00a0no son f\u00e1ciles de arriar y tienen hasta con juego propio dentro del radicalismo<\/strong>.<\/p>\n<p>\u201cCreemos necesario<strong>\u00a0reconocer el esfuerzo y el compromiso asumido en este tiempo de pandemia por nuestro gobernador Sergio Ziliotto en lo econ\u00f3mico y en lo social<\/strong>, pero<strong>\u00a0fundamentalmente en el cuidado de la salud\u00a0<\/strong>de todo el pueblo pampeano\u201d, elogiaron tanto peronistas como radicales y tiernistas.<\/p>\n<p>\u201cEntendemos -dijeron- que hay decisiones dif\u00edciles de tomar porque influen en la vida cotidiana de pampeanas y pampeanos. Acompa\u00f1amos en un todo el pedido de responsabilidad y de compromiso social ante las medidas adoptadas\u201d.<\/p>\n<p>Adem\u00e1s, respaldaron la decisi\u00f3n de ir a fondo contra los jueces y fiscales que est\u00e1n en la mira por violar la cuarentena. \u201cCompartimos y apoyamos la decisi\u00f3n politica del Gobierno provincial de ser querellantes en las causas judiciales iniciadas por Covid-19 (sic) que revisten gravedad institucional\u201d, sostuvieron. \u201cEs necesario que sea la Justicia quien eval\u00fae el comportamiento de cada invividuo que ponga en peligro la salud y, consecuentemente, atente contra el necesario funcionamiento de las actividades econ\u00f3micas y sociales\u201d.<\/p>\n<p>Tambi\u00e9n agradecieron a las ciudadanas y los ciudadanos de la provincia. \u00abCumplieron y cumplen con las normativas vigentes dispuestas de acuerdo a los diferentes estados sanitarios que se han ido estableciendo en funci\u00f3n de la pandemia\u201d, dijeron.<\/p>\n<p>\u201cPreservar y cuidar nuestra sociedad es una tarea que requiere el compromiso ineludible de las pampeanas y los pampeanos de bien\u201d, finalizaron.<\/p>\n<\/div>\n<\/div>\n<\/article>\n<\/div>\n<\/div>\n<\/div>\n<div class=\"oasis-despues-del-contenido\" id=\"oasis-43729239\"><img loading=\"lazy\" decoding=\"async\" src=\"https:\/\/oasisfm935.com.ar\/site\/wp-content\/uploads\/2020\/08\/47806202-8741-49f2-a5c9-d2f930e5baa1.jpg\" alt=\"\"  srcset=\"https:\/\/oasisfm935.com.ar\/site\/wp-content\/uploads\/2020\/08\/47806202-8741-49f2-a5c9-d2f930e5baa1.jpg 1080w, https:\/\/oasisfm935.com.ar\/site\/wp-content\/uploads\/2020\/08\/47806202-8741-49f2-a5c9-d2f930e5baa1-300x300.jpg 300w, https:\/\/oasisfm935.com.ar\/site\/wp-content\/uploads\/2020\/08\/47806202-8741-49f2-a5c9-d2f930e5baa1-1024x1024.jpg 1024w, https:\/\/oasisfm935.com.ar\/site\/wp-content\/uploads\/2020\/08\/47806202-8741-49f2-a5c9-d2f930e5baa1-150x150.jpg 150w, https:\/\/oasisfm935.com.ar\/site\/wp-content\/uploads\/2020\/08\/47806202-8741-49f2-a5c9-d2f930e5baa1-768x768.jpg 768w\" sizes=\"(max-width: 1080px) 100vw, 1080px\" class=\"no-lazyload\" width=\"1080\" height=\"1080\"  style=\"display: inline-block;\" \/><\/div>","protected":false},"excerpt":{"rendered":"<p>Funcionarios y caciques del peronismo salieron a buscar el respaldo de los\u00a0jefes comunales\u00a0a la gesti\u00f3n del Gobierno provincial ante la pandemia del<\/p>\n","protected":false},"author":4,"featured_media":6117,"comment_status":"closed","ping_status":"open","sticky":false,"template":"","format":"standard","meta":{"colormag_page_layout":"default_layout","footnotes":""},"categories":[2],"tags":[],"class_list":["post-6116","post","type-post","status-publish","format-standard","has-post-thumbnail","hentry","category-noticias"],"_links":{"self":[{"href":"https:\/\/oasisfm935.com.ar\/site\/wp-json\/wp\/v2\/posts\/6116","targetHints":{"allow":["GET"]}}],"collection":[{"href":"https:\/\/oasisfm935.com.ar\/site\/wp-json\/wp\/v2\/posts"}],"about":[{"href":"https:\/\/oasisfm935.com.ar\/site\/wp-json\/wp\/v2\/types\/post"}],"author":[{"embeddable":true,"href":"https:\/\/oasisfm935.com.ar\/site\/wp-json\/wp\/v2\/users\/4"}],"replies":[{"embeddable":true,"href":"https:\/\/oasisfm935.com.ar\/site\/wp-json\/wp\/v2\/comments?post=6116"}],"version-history":[{"count":1,"href":"https:\/\/oasisfm935.com.ar\/site\/wp-json\/wp\/v2\/posts\/6116\/revisions"}],"predecessor-version":[{"id":6118,"href":"https:\/\/oasisfm935.com.ar\/site\/wp-json\/wp\/v2\/posts\/6116\/revisions\/6118"}],"wp:featuredmedia":[{"embeddable":true,"href":"https:\/\/oasisfm935.com.ar\/site\/wp-json\/wp\/v2\/media\/6117"}],"wp:attachment":[{"href":"https:\/\/oasisfm935.com.ar\/site\/wp-json\/wp\/v2\/media?parent=6116"}],"wp:term":[{"taxonomy":"category","embeddable":true,"href":"https:\/\/oasisfm935.com.ar\/site\/wp-json\/wp\/v2\/categories?post=6116"},{"taxonomy":"post_tag","embeddable":true,"href":"https:\/\/oasisfm935.com.ar\/site\/wp-json\/wp\/v2\/tags?post=6116"}],"curies":[{"name":"wp","href":"https:\/\/api.w.org\/{rel}","templated":true}]}}