{"id":612,"date":"2019-01-31T09:28:40","date_gmt":"2019-01-31T12:28:40","guid":{"rendered":"http:\/\/oasisfm935.com\/site\/?p=612"},"modified":"2019-01-31T09:28:40","modified_gmt":"2019-01-31T12:28:40","slug":"luiggi-no-esta-mandando-una-gota-de-agua-a-la-laguna-chadilauquen","status":"publish","type":"post","link":"https:\/\/oasisfm935.com.ar\/site\/luiggi-no-esta-mandando-una-gota-de-agua-a-la-laguna-chadilauquen\/","title":{"rendered":"\u201cLuiggi no est\u00e1 mandando una gota de agua a la laguna Chadilauqu\u00e9n\u201d"},"content":{"rendered":"<p>El concejal Juan Carlos Bustriazo, a cargo de la intendencia de Ingeniero Luiggi, se refiri\u00f3 a la controversia que se gener\u00f3 con Embajador Martini, luego de la queja de algunos productores por un canal que podr\u00eda contener efluentes cloacales.<\/p>\n<p>Ante esta denuncia p\u00fablica, Bustriazo mantuvo una reuni\u00f3n con el jefe comunal de Embajador Martini, Ariel Bogino, y dos concejales. \u201cSe acercaron a evacuar las dudas acerca de si Ingeniero Luiggi le estaba mandando aguas servidas, y si estos residuos cloacales estaban llegando a la laguna Chadilauqu\u00e9n\u201d, dijo el funcionario luiggense al portal Zonal Noticias.<\/p>\n<p>Bustriazo indic\u00f3 que, junto al responsable de Obras P\u00fablicas V\u00edctor Tarditti, acompa\u00f1aron a las autoridades de Embajador Martini \u201ca recorrer todo el canal, desde el desag\u00fce que sale desde la zona urbana hasta el final, y en ning\u00fan momento entr\u00f3 una gota de agua a la laguna Chadilauqu\u00e9n\u201d. Y agreg\u00f3: \u201cRecorrimos todo el resto de canales y est\u00e1n totalmente secos, as\u00ed que Luiggi no est\u00e1 mandando una gota de agua\u201d. Un productor de Martini hab\u00eda denunciado d\u00edas atr\u00e1s, a trav\u00e9s de la red social Facebook, que el municipio de Luiggi enviaba efluentes cloacales a ese canal.<\/p>\n<p>Bustriazo aclar\u00f3 que \u201cs\u00ed le mostramos a Bogino y a los concejales por d\u00f3nde ingresa agua a la laguna Chadilauqu\u00e9n, desde la esquina del campo de Tomba, llegando a lo de Mero, ah\u00ed viene el agua desde el campo El Recado de Iluminatti, viene cruzando por el bajo de Borgarello, cruza la ruta 9, y avanza por todos esos campos, eso siempre fue hist\u00f3rico\u201d.<br \/>\nSostuvo adem\u00e1s que \u201csi habl\u00e1s con gente mayor, te dice que siempre fue as\u00ed, el desag\u00fce de la zona de El Recado es el punto final de la laguna Chadilauqu\u00e9n y a partir de ah\u00ed el cauce natural del agua sigue por V\u00e9rtiz, General Pico, y va a parar a la obra de los Daneses\u201d.<\/p>\n<p><strong>Agua servida<\/strong><\/p>\n<p>Respecto a la duda que ten\u00edan algunos productores sobre si el municipio de Luiggi enviaba agua servida al canal, Bustriazo expres\u00f3 que \u201csacamos tres muestras: de la punta del canal, del centro del canal y del final, para que ellos analicen y se saquen la duda\u201d. Dijo que desde el municipio \u201cno tenemos dudas porque ac\u00e1 los an\u00e1lisis del agua los hace APA (Administraci\u00f3n Provincial del Agua) y ayer casualmente estuvieron y se llevaron muestras para hacer nuevos an\u00e1lisis del agua del desag\u00fce fluvial\u201d.<br \/>\nPor \u00faltimo, Bustriazo manifest\u00f3 que \u201cno tenemos nada que ocultar, Ingeniero Luiggi no est\u00e1 perjudicando a nadie con estos canales\u201d y destac\u00f3 que el balance del encuentro fue positivo.<\/p>\n<div class=\"oasis-despues-del-contenido\" id=\"oasis-1097589492\"><img loading=\"lazy\" decoding=\"async\" src=\"https:\/\/oasisfm935.com.ar\/site\/wp-content\/uploads\/2020\/08\/47806202-8741-49f2-a5c9-d2f930e5baa1.jpg\" alt=\"\"  srcset=\"https:\/\/oasisfm935.com.ar\/site\/wp-content\/uploads\/2020\/08\/47806202-8741-49f2-a5c9-d2f930e5baa1.jpg 1080w, https:\/\/oasisfm935.com.ar\/site\/wp-content\/uploads\/2020\/08\/47806202-8741-49f2-a5c9-d2f930e5baa1-300x300.jpg 300w, https:\/\/oasisfm935.com.ar\/site\/wp-content\/uploads\/2020\/08\/47806202-8741-49f2-a5c9-d2f930e5baa1-1024x1024.jpg 1024w, https:\/\/oasisfm935.com.ar\/site\/wp-content\/uploads\/2020\/08\/47806202-8741-49f2-a5c9-d2f930e5baa1-150x150.jpg 150w, https:\/\/oasisfm935.com.ar\/site\/wp-content\/uploads\/2020\/08\/47806202-8741-49f2-a5c9-d2f930e5baa1-768x768.jpg 768w\" sizes=\"(max-width: 1080px) 100vw, 1080px\" class=\"no-lazyload\" width=\"1080\" height=\"1080\"  style=\"display: inline-block;\" \/><\/div>","protected":false},"excerpt":{"rendered":"<p>El concejal Juan Carlos Bustriazo, a cargo de la intendencia de Ingeniero Luiggi, se refiri\u00f3 a la controversia que se gener\u00f3 con<\/p>\n","protected":false},"author":4,"featured_media":613,"comment_status":"closed","ping_status":"open","sticky":false,"template":"","format":"standard","meta":{"colormag_page_layout":"default_layout","footnotes":""},"categories":[2],"tags":[],"class_list":["post-612","post","type-post","status-publish","format-standard","has-post-thumbnail","hentry","category-noticias"],"_links":{"self":[{"href":"https:\/\/oasisfm935.com.ar\/site\/wp-json\/wp\/v2\/posts\/612","targetHints":{"allow":["GET"]}}],"collection":[{"href":"https:\/\/oasisfm935.com.ar\/site\/wp-json\/wp\/v2\/posts"}],"about":[{"href":"https:\/\/oasisfm935.com.ar\/site\/wp-json\/wp\/v2\/types\/post"}],"author":[{"embeddable":true,"href":"https:\/\/oasisfm935.com.ar\/site\/wp-json\/wp\/v2\/users\/4"}],"replies":[{"embeddable":true,"href":"https:\/\/oasisfm935.com.ar\/site\/wp-json\/wp\/v2\/comments?post=612"}],"version-history":[{"count":1,"href":"https:\/\/oasisfm935.com.ar\/site\/wp-json\/wp\/v2\/posts\/612\/revisions"}],"predecessor-version":[{"id":614,"href":"https:\/\/oasisfm935.com.ar\/site\/wp-json\/wp\/v2\/posts\/612\/revisions\/614"}],"wp:featuredmedia":[{"embeddable":true,"href":"https:\/\/oasisfm935.com.ar\/site\/wp-json\/wp\/v2\/media\/613"}],"wp:attachment":[{"href":"https:\/\/oasisfm935.com.ar\/site\/wp-json\/wp\/v2\/media?parent=612"}],"wp:term":[{"taxonomy":"category","embeddable":true,"href":"https:\/\/oasisfm935.com.ar\/site\/wp-json\/wp\/v2\/categories?post=612"},{"taxonomy":"post_tag","embeddable":true,"href":"https:\/\/oasisfm935.com.ar\/site\/wp-json\/wp\/v2\/tags?post=612"}],"curies":[{"name":"wp","href":"https:\/\/api.w.org\/{rel}","templated":true}]}}