{"id":6120,"date":"2020-08-09T11:52:27","date_gmt":"2020-08-09T14:52:27","guid":{"rendered":"http:\/\/oasisfm935.com\/site\/?p=6120"},"modified":"2020-08-09T11:52:27","modified_gmt":"2020-08-09T14:52:27","slug":"la-pampa-sergio-ziliotto-adelanto-no-se-permiten-los-encuentros-sociales-y-la-circulacion-entre-pueblos-salvo-los-esenciales","status":"publish","type":"post","link":"https:\/\/oasisfm935.com.ar\/site\/la-pampa-sergio-ziliotto-adelanto-no-se-permiten-los-encuentros-sociales-y-la-circulacion-entre-pueblos-salvo-los-esenciales\/","title":{"rendered":"La Pampa: Sergio Ziliotto adelant\u00f3 no se permiten los encuentros sociales y la circulaci\u00f3n entre pueblos: salvo los esenciales."},"content":{"rendered":"<p>Lo decidi\u00f3 ayer el Gobierno provincial, por lo que en todo el territorio pampeano tendr\u00e1 las mismas actividades autorizadas. A\u00fan contin\u00faan prohibidos los encuentros sociales y familiares y la circulaci\u00f3n entre localidades.<\/p>\n<p>Seg\u00fan qued\u00f3 oficializado en el decreto 1.883\/20, la cual lleva la firma del gobernador Serigo Ziliotto, \u00abtodas las actividades econ\u00f3micas, con atenci\u00f3n, presencia y\/o permanencia de p\u00fablico en el lugar, que se encontraban en funcionamiento al d\u00eda 23 de julio pasado\u00bb, previo a la aparici\u00f3n del brote de la localidad de Catril\u00f3. A su vez, tambi\u00e9n quedaron habilitadas las actividades f\u00edsicas, recreativas y deportivas.<\/p>\n<p>\u00bfCambi\u00f3 algo respecto a la situaci\u00f3n previa al foco de Catril\u00f3? Seg\u00fan informaron, \u00ablas actividades de las casas de comidas (restaurantes, bares, cafeter\u00edas, helader\u00edas y todo otro local comercial destinado a la producci\u00f3n, consumo y venta de alimentos y\/o bebidas) s\u00f3lo podr\u00e1n atender un m\u00e1ximo de 4 personas por mesa\u00bb.<\/p>\n<p>\u00abPara todas estas actividades se mantienen los horarios que se establecieran oportunamente para cada una de las modalidades, como as\u00ed tambi\u00e9n los protocolos de funcionamiento, sanitarios y epidemiol\u00f3gicos respectivos\u00bb, se\u00f1alaron desde la Provincia.<\/p>\n<p>Con el regreso a esta \u00abnueva normalidad\u00bb, y como medida para detectar y controlar posibles fotos de contagio, ma\u00f1ana quedar\u00e1 habilitado el \u00abSistema de Trazabilidad Ciudadana\u00bb, el cual permitir\u00e1 identificar a ingresantes o visitantes a los lugares en los cuales se desarrollen las actividades habilitadas.<\/p>\n<p>\u00abLa nueva etapa va a exigir redoblar esfuerzos por parte de nuestro gobierno, pero tambi\u00e9n un aumento en cuanto a la Responsabilidad Social de cada uno. Agradezco el acompa\u00f1amiento y esfuerzo realizado por todo el pueblo pampeano\u00bb, destac\u00f3 el gobernador Ziliotto, tras dar a conocer la noticia.<\/p>\n<p><strong>\u00bfQu\u00e9 no se puede?<\/strong><\/p>\n<p>Seg\u00fan precisaron desde Casa de Gobierno, hay ciertas actividades que no quedaron permitidas en esta nueva flexibilizaci\u00f3n. En primer lugar, se record\u00f3 que los encuentros sociales y reuniones familiares -al igual que todo el pa\u00eds- contin\u00faan prohibidas. En segundo lugar, la Provincia detall\u00f3 que el transporte de pasajeros entre localidades sigue restringido. La \u00fanica l\u00ednea que puede funcionar es la que vincula a Santa Rosa con Toay.<\/p>\n<p>Respecto a la circulaci\u00f3n, todav\u00eda siguen suspendidos los traslados entre localidades, con excepci\u00f3n de aquellos afectados a la prestaci\u00f3n de servicios esenciales del Estado (seguridad, salud, entre otros). Dentro de una misma localidad, tambi\u00e9n queda prohibida la circulaci\u00f3n en el horario de 1,30 horas a 7 horas.<\/p>\n<p>En este sentido, desde el Gobierno recordaron que -para justificar la circulaci\u00f3n fuera de horario y dentro del territorio pampeano- se debe presentar de manera \u00abobligatoria\u00bb los permisos de circulaci\u00f3n para las personas afectadas a actividades esenciales<\/p>\n<p><strong>Sin casos.<\/strong><\/p>\n<p>El Ministerio de Salud confirm\u00f3 que este s\u00e1bado no se confirmaron casos de coronavirus (Covid-19). Seg\u00fan indicaron desde el \u00e1rea, se analizaron 79 muestras, las cuales todas resultaron negativas. Adem\u00e1s, tambi\u00e9n informaron que tres personas se recuperaron de la enfermedad, dos de ellas residentes de Catril\u00f3 y el restante en Santa Rosa.<\/p>\n<p>Desde el inicio de la pandemia, La Pampa tuvo 176 casos, de los cuales 38 se han recuperado y 138 permanecen activos. Estos \u00faltimos est\u00e1n distribuidos de la siguiente manera: 52 en Catril\u00f3, 44 en Santa Rosa, 22 en General Pico, 6 en Macach\u00edn, 4 en General Acha, 3 en Embajador Martini, 2 en Toay y La Adela y 1 en Santa Isabel, Guatrach\u00e9 y Alta Italia.<\/p>\n<p>\u00abLos casos nuevos notificados en forma consecutiva, permitieron calcular el tiempo de duplicaci\u00f3n de casos que, para el d\u00eda 7 del mes corriente en La Pampa es de 38.33 d\u00edas, a diferencia del que se pudo calcular en la Provincia hacia fines del mes de julio con el aumento brusco del n\u00famero de casos que fue de 1\u00bb, destacaron desde la Provincia.<\/p>\n<p>Este indicador sirve para estimar el tiempo que llevar\u00e1 duplicar los casos en el futuro, tomando como referencia el comportamiento de la enfermedad en los \u00faltimos 7 d\u00edas, es utilizado (junto con otros indicadores) para evaluar la efectividad de las medidas de contenci\u00f3n, conocer su variaci\u00f3n en el tiempo para planificar las intervenciones de Salud P\u00fablica.<\/p>\n<p>Internados.<br \/>\nRespecto a los internados, desde Salud precisaron que contin\u00faan siendo nueve personas. Cuatro est\u00e1n en General Pico, de las cuales uno est\u00e1 \u00abgrave\u00bb, mientras que los cinco restantes se encuentran en Santa Rosa, de donde dos tienen un estado \u00abgrave\u00bb.<\/p>\n<div class=\"oasis-despues-del-contenido\" id=\"oasis-1422633658\"><img loading=\"lazy\" decoding=\"async\" src=\"https:\/\/oasisfm935.com.ar\/site\/wp-content\/uploads\/2020\/08\/47806202-8741-49f2-a5c9-d2f930e5baa1.jpg\" alt=\"\"  srcset=\"https:\/\/oasisfm935.com.ar\/site\/wp-content\/uploads\/2020\/08\/47806202-8741-49f2-a5c9-d2f930e5baa1.jpg 1080w, https:\/\/oasisfm935.com.ar\/site\/wp-content\/uploads\/2020\/08\/47806202-8741-49f2-a5c9-d2f930e5baa1-300x300.jpg 300w, https:\/\/oasisfm935.com.ar\/site\/wp-content\/uploads\/2020\/08\/47806202-8741-49f2-a5c9-d2f930e5baa1-1024x1024.jpg 1024w, https:\/\/oasisfm935.com.ar\/site\/wp-content\/uploads\/2020\/08\/47806202-8741-49f2-a5c9-d2f930e5baa1-150x150.jpg 150w, https:\/\/oasisfm935.com.ar\/site\/wp-content\/uploads\/2020\/08\/47806202-8741-49f2-a5c9-d2f930e5baa1-768x768.jpg 768w\" sizes=\"(max-width: 1080px) 100vw, 1080px\" class=\"no-lazyload\" width=\"1080\" height=\"1080\"  style=\"display: inline-block;\" \/><\/div>","protected":false},"excerpt":{"rendered":"<p>Lo decidi\u00f3 ayer el Gobierno provincial, por lo que en todo el territorio pampeano tendr\u00e1 las mismas actividades autorizadas. A\u00fan contin\u00faan prohibidos<\/p>\n","protected":false},"author":4,"featured_media":6121,"comment_status":"closed","ping_status":"open","sticky":false,"template":"","format":"standard","meta":{"colormag_page_layout":"default_layout","footnotes":""},"categories":[2],"tags":[],"class_list":["post-6120","post","type-post","status-publish","format-standard","has-post-thumbnail","hentry","category-noticias"],"_links":{"self":[{"href":"https:\/\/oasisfm935.com.ar\/site\/wp-json\/wp\/v2\/posts\/6120","targetHints":{"allow":["GET"]}}],"collection":[{"href":"https:\/\/oasisfm935.com.ar\/site\/wp-json\/wp\/v2\/posts"}],"about":[{"href":"https:\/\/oasisfm935.com.ar\/site\/wp-json\/wp\/v2\/types\/post"}],"author":[{"embeddable":true,"href":"https:\/\/oasisfm935.com.ar\/site\/wp-json\/wp\/v2\/users\/4"}],"replies":[{"embeddable":true,"href":"https:\/\/oasisfm935.com.ar\/site\/wp-json\/wp\/v2\/comments?post=6120"}],"version-history":[{"count":1,"href":"https:\/\/oasisfm935.com.ar\/site\/wp-json\/wp\/v2\/posts\/6120\/revisions"}],"predecessor-version":[{"id":6122,"href":"https:\/\/oasisfm935.com.ar\/site\/wp-json\/wp\/v2\/posts\/6120\/revisions\/6122"}],"wp:featuredmedia":[{"embeddable":true,"href":"https:\/\/oasisfm935.com.ar\/site\/wp-json\/wp\/v2\/media\/6121"}],"wp:attachment":[{"href":"https:\/\/oasisfm935.com.ar\/site\/wp-json\/wp\/v2\/media?parent=6120"}],"wp:term":[{"taxonomy":"category","embeddable":true,"href":"https:\/\/oasisfm935.com.ar\/site\/wp-json\/wp\/v2\/categories?post=6120"},{"taxonomy":"post_tag","embeddable":true,"href":"https:\/\/oasisfm935.com.ar\/site\/wp-json\/wp\/v2\/tags?post=6120"}],"curies":[{"name":"wp","href":"https:\/\/api.w.org\/{rel}","templated":true}]}}