{"id":6123,"date":"2020-08-09T15:40:53","date_gmt":"2020-08-09T18:40:53","guid":{"rendered":"http:\/\/oasisfm935.com\/site\/?p=6123"},"modified":"2020-08-09T15:40:53","modified_gmt":"2020-08-09T18:40:53","slug":"covid-19-en-la-pampa-ya-se-recuperaron-79-personas-y-otras-20-muestras-dieron-negativo","status":"publish","type":"post","link":"https:\/\/oasisfm935.com.ar\/site\/covid-19-en-la-pampa-ya-se-recuperaron-79-personas-y-otras-20-muestras-dieron-negativo\/","title":{"rendered":"Covid-19 en La Pampa: ya se recuperaron 79 personas y otras 20 muestras dieron negativo"},"content":{"rendered":"<p class=\"lead nota-detalle-bajada\">El Gobierno de la Provincia de La Pampa, a trav\u00e9s del Ministerio de Salud, informa que 20 muestras analizadas en el laboratorio Central de la Direcci\u00f3n de Epidemiolog\u00eda y en el laboratorio del Hospital Gobernador Centeno resultaron negativas\u00a0 para COVID-19.<\/p>\n<p>&nbsp;<\/p>\n<div class=\"nota-detalle-cuerpo\">En La Pampa desde el inicio de la pandemia se registran un total 177 casos positivos para COVID-19. De ellos, solo uno se confirm\u00f3 por nexo cl\u00ednico-epidemiol\u00f3gico<strong>*<\/strong>, ya que la persona sin factores de riesgo convive con un caso confirmado. Del total de los casos confirmados se han recuperado 79, quedando 98 activos.<\/div>\n<div class=\"nota-detalle-cuerpo\">\nEstos \u00faltimos est\u00e1n distribuidas de la siguiente manera: 33 en la ciudad de Santa Rosa, 4 en General Acha, 23 en Catril\u00f3, 22 en General Pico, 6 en Macach\u00edn, 3 en Embajador Martini, 1 en Santa Isabel, 2 en Toay, 1 Guatrach\u00e9, 1 en Alta Italia y 2 de La Adela.<\/div>\n<div class=\"nota-detalle-cuerpo\">\nLos contactos estrechos de los casos confirmados se encuentran cumpliendo aislamiento estricto y siendo monitoreados por personal de Salud.<\/div>\n<div class=\"nota-detalle-cuerpo\">\nAl d\u00eda de la fecha se encuentran internadas un total de 9 personas confirmadas para COVID-19. En General Pico 4 personas en el Hospital Gobernador Centeno, de las cuales 3 permanecen con estado moderado y 1 persona en estado grave. En el Centro Emergente de Asistencia Respiratoria de la ciudad de Santa Rosa se encuentran internadas 5 personas, de las cuales 3 est\u00e1n con estado moderado y 2 contin\u00faan en estado grave en terapia intensiva.<\/p>\n<p><strong>*<\/strong>Caso confirmado puede ser por laboratorio (rtPCR) o por criterio cl\u00ednico-epidemiol\u00f3gico. En este \u00faltimo se considera todo contacto estrecho conviviente con un caso de COVID-19 confirmado por laboratorio, que cumpla con la definici\u00f3n de caso sospechoso vigente, en \u00e1reas con transmisi\u00f3n comunitaria.<\/p>\n<p><strong>Medidas y recomendaciones<\/strong><\/div>\n<div class=\"nota-detalle-cuerpo\">\nSi bien desde el GobiernopProvincial se flexibiliz\u00f3 la actividad econ\u00f3mica se debe considerar que este nuevo virus ha estado circulando en algunas localidades de nuestra provincia, motivo por el cual debemos reforzar y ser conscientes que el cuidado de cada uno hace al bien de la comunidad. Esta es la \u00fanica herramienta con la que se cuenta actualmente para poder sostener esta nueva normalidad.<br \/>\nLas reuniones familiares y sociales no est\u00e1n permitidas bajo ning\u00fan concepto. La responsabilidad individual y social son claves para hacer frente a este nuevo coronavirus.<\/p>\n<p><strong>Las recomendaciones para el control de la enfermedad:<\/strong><\/p>\n<p>\u2022\u00a0\u00a0\u00a0\u00a0\u00a0\u00a0\u00a0\u00a0\u00a0 Mantener el distanciamiento social de 2 metros<br \/>\n\u2022\u00a0\u00a0\u00a0\u00a0\u00a0\u00a0\u00a0\u00a0\u00a0 Higienizarse frecuentemente las manos (agua y jab\u00f3n o alcohol en gel)<br \/>\n\u2022\u00a0\u00a0\u00a0\u00a0\u00a0\u00a0\u00a0\u00a0\u00a0 Usar cubrebocanariz cada vez que salga de su casa<br \/>\n\u2022\u00a0\u00a0\u00a0\u00a0\u00a0\u00a0\u00a0\u00a0\u00a0 No compartir mate ni otros utensilios<br \/>\n\u2022\u00a0\u00a0\u00a0\u00a0\u00a0\u00a0\u00a0\u00a0\u00a0 Saludarse evitando el contacto f\u00edsico<br \/>\n\u2022\u00a0\u00a0\u00a0\u00a0\u00a0\u00a0\u00a0\u00a0\u00a0 Toser y estornudar con el pliegue del codo<br \/>\n\u2022\u00a0\u00a0\u00a0\u00a0\u00a0\u00a0\u00a0\u00a0\u00a0 Usar pa\u00f1uelos descartables<br \/>\n\u2022\u00a0\u00a0\u00a0\u00a0\u00a0\u00a0\u00a0\u00a0\u00a0 Si presenta s\u00edntomas compatibles con la enfermedad: dolor de garganta, tos, fiebre, dificultad para respirar, alteraci\u00f3n del gusto o del olfato llamar a su m\u00e9dico de cabecera o centro de salud de referencia para coordinar la atenci\u00f3n.<br \/>\n\u2022\u00a0\u00a0\u00a0\u00a0\u00a0\u00a0\u00a0\u00a0\u00a0 Frente a s\u00edntomas, aunque sean leves, no concurrir a su trabajo y evitar contacto con otras personas.\n<\/p><\/div>\n<div class=\"oasis-despues-del-contenido\" id=\"oasis-1882437531\"><img loading=\"lazy\" decoding=\"async\" src=\"https:\/\/oasisfm935.com.ar\/site\/wp-content\/uploads\/2020\/08\/47806202-8741-49f2-a5c9-d2f930e5baa1.jpg\" alt=\"\"  srcset=\"https:\/\/oasisfm935.com.ar\/site\/wp-content\/uploads\/2020\/08\/47806202-8741-49f2-a5c9-d2f930e5baa1.jpg 1080w, https:\/\/oasisfm935.com.ar\/site\/wp-content\/uploads\/2020\/08\/47806202-8741-49f2-a5c9-d2f930e5baa1-300x300.jpg 300w, https:\/\/oasisfm935.com.ar\/site\/wp-content\/uploads\/2020\/08\/47806202-8741-49f2-a5c9-d2f930e5baa1-1024x1024.jpg 1024w, https:\/\/oasisfm935.com.ar\/site\/wp-content\/uploads\/2020\/08\/47806202-8741-49f2-a5c9-d2f930e5baa1-150x150.jpg 150w, https:\/\/oasisfm935.com.ar\/site\/wp-content\/uploads\/2020\/08\/47806202-8741-49f2-a5c9-d2f930e5baa1-768x768.jpg 768w\" sizes=\"(max-width: 1080px) 100vw, 1080px\" class=\"no-lazyload\" width=\"1080\" height=\"1080\"  style=\"display: inline-block;\" \/><\/div>","protected":false},"excerpt":{"rendered":"<p>El Gobierno de la Provincia de La Pampa, a trav\u00e9s del Ministerio de Salud, informa que 20 muestras analizadas en el laboratorio<\/p>\n","protected":false},"author":4,"featured_media":6125,"comment_status":"closed","ping_status":"open","sticky":false,"template":"","format":"standard","meta":{"colormag_page_layout":"default_layout","footnotes":""},"categories":[2],"tags":[],"class_list":["post-6123","post","type-post","status-publish","format-standard","has-post-thumbnail","hentry","category-noticias"],"_links":{"self":[{"href":"https:\/\/oasisfm935.com.ar\/site\/wp-json\/wp\/v2\/posts\/6123","targetHints":{"allow":["GET"]}}],"collection":[{"href":"https:\/\/oasisfm935.com.ar\/site\/wp-json\/wp\/v2\/posts"}],"about":[{"href":"https:\/\/oasisfm935.com.ar\/site\/wp-json\/wp\/v2\/types\/post"}],"author":[{"embeddable":true,"href":"https:\/\/oasisfm935.com.ar\/site\/wp-json\/wp\/v2\/users\/4"}],"replies":[{"embeddable":true,"href":"https:\/\/oasisfm935.com.ar\/site\/wp-json\/wp\/v2\/comments?post=6123"}],"version-history":[{"count":1,"href":"https:\/\/oasisfm935.com.ar\/site\/wp-json\/wp\/v2\/posts\/6123\/revisions"}],"predecessor-version":[{"id":6126,"href":"https:\/\/oasisfm935.com.ar\/site\/wp-json\/wp\/v2\/posts\/6123\/revisions\/6126"}],"wp:featuredmedia":[{"embeddable":true,"href":"https:\/\/oasisfm935.com.ar\/site\/wp-json\/wp\/v2\/media\/6125"}],"wp:attachment":[{"href":"https:\/\/oasisfm935.com.ar\/site\/wp-json\/wp\/v2\/media?parent=6123"}],"wp:term":[{"taxonomy":"category","embeddable":true,"href":"https:\/\/oasisfm935.com.ar\/site\/wp-json\/wp\/v2\/categories?post=6123"},{"taxonomy":"post_tag","embeddable":true,"href":"https:\/\/oasisfm935.com.ar\/site\/wp-json\/wp\/v2\/tags?post=6123"}],"curies":[{"name":"wp","href":"https:\/\/api.w.org\/{rel}","templated":true}]}}