{"id":6128,"date":"2020-08-09T19:50:38","date_gmt":"2020-08-09T22:50:38","guid":{"rendered":"http:\/\/oasisfm935.com\/site\/?p=6128"},"modified":"2020-08-09T19:50:38","modified_gmt":"2020-08-09T22:50:38","slug":"la-pampa-a-la-medianoche-se-habilita-el-sistema-de-trazabilidad-ciudadana","status":"publish","type":"post","link":"https:\/\/oasisfm935.com.ar\/site\/la-pampa-a-la-medianoche-se-habilita-el-sistema-de-trazabilidad-ciudadana\/","title":{"rendered":"La Pampa: A la medianoche se habilita el Sistema de Trazabilidad Ciudadana"},"content":{"rendered":"<p>El Gobierno provincial ratific\u00f3 que desde este lunes 10 se pone en marcha el llamado\u00a0<strong>Sistema de Trazabilidad Ciudadana<\/strong>, una nueva herramienta en la lucha contra el Covid-19. Es o<strong>bligatorio para todas las dependencias del Poder Ejecutivo Provincial<\/strong>, entes descentralizados y aut\u00e1rquicos, empresas y sociedades del Estado Provincial\u00a0y\u00a0<strong>optativo para las empresas y\/o comercios<\/strong>\u00a0que decidan adherir.<\/p>\n<p>El sitio web\u00a0<strong><a href=\"http:\/\/trazabilidad.lapampa.gob.ar\/\" target=\"_blank\" rel=\"noreferrer noopener\">trazabilidad.lapampa.gob.ar<\/a>\u00a0<\/strong>ser\u00e1 su marco de implementaci\u00f3n.<\/p>\n<p>Seg\u00fan dijo el gobernador Sergio Ziliotto<strong>, este registro tiene como objetivo conocer, al momento de producirse un caso positivo de Covid-19, el movimiento de aquellas personas que sean consideradas contacto estrecho del mismo y que por consiguiente deben aislarse en forma inmediata.<\/strong><\/p>\n<p><iframe loading=\"lazy\" title=\"Trazabilidad Ciudadana COVID 19 - La Pampa - Registraci\u00f3n del establecimiento\/Local\" width=\"800\" height=\"450\" src=\"https:\/\/www.youtube.com\/embed\/Kh2fCUaqg-g?feature=oembed\" frameborder=\"0\" allow=\"accelerometer; autoplay; encrypted-media; gyroscope; picture-in-picture\" allowfullscreen><\/iframe><\/p>\n<p>Para los responsables de establecimientos donde se desarrollen actividades econ\u00f3micas, f\u00edsicas, recreativas y deportivas que hayan sido habilitadas,\u00a0<strong>la carga de datos ser\u00e1 de car\u00e1cter voluntario<\/strong>.<\/p>\n<p><strong>S\u00f3lo ser\u00e1 obligatoria la carga de datos por parte de las dependencias del Poder Ejecutivo.<\/strong><\/p>\n<p>En tanto,\u00a0<strong>a los otros poderes p\u00fablicos nacionales, provinciales o municipales se los invitar\u00e1 a adherir a esta modalidad.<\/strong><\/p>\n<p>En todos los casos, la identificaci\u00f3n de cada persona que ingresa a una actividad habilitada ser\u00e1 una opci\u00f3n personal, respetando la decisi\u00f3n de cada ciudadano de sumarse o no a esta nueva estrategia.<\/p>\n<p>Estos son los detalles del procedimiento de registro:<\/p>\n<p>-El sistema es un \u201cportal\/sitio web\u201d, es decir, no hay que bajar ninguna aplicaci\u00f3n. Se accede desde un navegador (Chrome, Mozilla, Internet Explorer, etc.) ingresando al sitio trazabilidad.lapampa.gob.ar<\/p>\n<p>S\u00f3lo deber\u00e1n ingresar los titulares o responsables de los establecimientos de actividades habilitadas, p\u00fablicas o privadas, y no los ciudadanos\/as que concurran al mismo.<\/p>\n<p>-Al ingresar, el primer paso ser\u00e1 Registrarse como Responsable del establecimiento, ingresando CUIT, Raz\u00f3n social, y los datos del responsable (DNI, Nro. Tr\u00e1mite y Sexo).<\/p>\n<p>-A continuaci\u00f3n, deber\u00e1 registrar el\/los domicilios de atenci\u00f3n al p\u00fablico.<br \/>\nPor cada establecimiento deber\u00e1 identificar Denominaci\u00f3n, Domicilio, correo electr\u00f3nico (se puede poner un correo electr\u00f3nico por establecimiento o uno para todos los establecimientos) y tel\u00e9fono para generar su clave de acceso.<\/p>\n<p>-El sistema enviar\u00e1 autom\u00e1ticamente un correo electr\u00f3nico con los datos de acceso inicial para cada establecimiento registrado. En este \u00faltimo caso, le llegaran tantos correos con claves como domicilios de establecimientos registrados.<\/p>\n<p>-Cumplidos los pasos 3 y 4, cada establecimiento ingresar\u00e1 diariamente para registrar sus clientes o visitantes y personal de trabajo, los siguientes datos: DNI, sexo (si el sistema no identifica a la persona, se deber\u00e1 agregar apellido y nombre) y tel\u00e9fono de contacto.<\/p>\n<p>-Esta carga puede efectuarse en cualquier momento del d\u00eda. Lo sustancial es que toda persona que haya ingresado al establecimiento sea cargada en ese mismo d\u00eda.<\/p>\n<div class=\"oasis-despues-del-contenido\" id=\"oasis-3930647431\"><img loading=\"lazy\" decoding=\"async\" src=\"https:\/\/oasisfm935.com.ar\/site\/wp-content\/uploads\/2020\/08\/47806202-8741-49f2-a5c9-d2f930e5baa1.jpg\" alt=\"\"  srcset=\"https:\/\/oasisfm935.com.ar\/site\/wp-content\/uploads\/2020\/08\/47806202-8741-49f2-a5c9-d2f930e5baa1.jpg 1080w, https:\/\/oasisfm935.com.ar\/site\/wp-content\/uploads\/2020\/08\/47806202-8741-49f2-a5c9-d2f930e5baa1-300x300.jpg 300w, https:\/\/oasisfm935.com.ar\/site\/wp-content\/uploads\/2020\/08\/47806202-8741-49f2-a5c9-d2f930e5baa1-1024x1024.jpg 1024w, https:\/\/oasisfm935.com.ar\/site\/wp-content\/uploads\/2020\/08\/47806202-8741-49f2-a5c9-d2f930e5baa1-150x150.jpg 150w, https:\/\/oasisfm935.com.ar\/site\/wp-content\/uploads\/2020\/08\/47806202-8741-49f2-a5c9-d2f930e5baa1-768x768.jpg 768w\" sizes=\"(max-width: 1080px) 100vw, 1080px\" class=\"no-lazyload\" width=\"1080\" height=\"1080\"  style=\"display: inline-block;\" \/><\/div>","protected":false},"excerpt":{"rendered":"<p>El Gobierno provincial ratific\u00f3 que desde este lunes 10 se pone en marcha el llamado\u00a0Sistema de Trazabilidad Ciudadana, una nueva herramienta en<\/p>\n","protected":false},"author":4,"featured_media":6129,"comment_status":"closed","ping_status":"open","sticky":false,"template":"","format":"standard","meta":{"colormag_page_layout":"default_layout","footnotes":""},"categories":[2],"tags":[],"class_list":["post-6128","post","type-post","status-publish","format-standard","has-post-thumbnail","hentry","category-noticias"],"_links":{"self":[{"href":"https:\/\/oasisfm935.com.ar\/site\/wp-json\/wp\/v2\/posts\/6128","targetHints":{"allow":["GET"]}}],"collection":[{"href":"https:\/\/oasisfm935.com.ar\/site\/wp-json\/wp\/v2\/posts"}],"about":[{"href":"https:\/\/oasisfm935.com.ar\/site\/wp-json\/wp\/v2\/types\/post"}],"author":[{"embeddable":true,"href":"https:\/\/oasisfm935.com.ar\/site\/wp-json\/wp\/v2\/users\/4"}],"replies":[{"embeddable":true,"href":"https:\/\/oasisfm935.com.ar\/site\/wp-json\/wp\/v2\/comments?post=6128"}],"version-history":[{"count":1,"href":"https:\/\/oasisfm935.com.ar\/site\/wp-json\/wp\/v2\/posts\/6128\/revisions"}],"predecessor-version":[{"id":6130,"href":"https:\/\/oasisfm935.com.ar\/site\/wp-json\/wp\/v2\/posts\/6128\/revisions\/6130"}],"wp:featuredmedia":[{"embeddable":true,"href":"https:\/\/oasisfm935.com.ar\/site\/wp-json\/wp\/v2\/media\/6129"}],"wp:attachment":[{"href":"https:\/\/oasisfm935.com.ar\/site\/wp-json\/wp\/v2\/media?parent=6128"}],"wp:term":[{"taxonomy":"category","embeddable":true,"href":"https:\/\/oasisfm935.com.ar\/site\/wp-json\/wp\/v2\/categories?post=6128"},{"taxonomy":"post_tag","embeddable":true,"href":"https:\/\/oasisfm935.com.ar\/site\/wp-json\/wp\/v2\/tags?post=6128"}],"curies":[{"name":"wp","href":"https:\/\/api.w.org\/{rel}","templated":true}]}}