{"id":6146,"date":"2020-08-10T13:10:04","date_gmt":"2020-08-10T16:10:04","guid":{"rendered":"http:\/\/oasisfm935.com\/site\/?p=6146"},"modified":"2020-08-10T13:13:50","modified_gmt":"2020-08-10T16:13:50","slug":"ingeniero-luiggi-colision-entre-auto-y-una-moto","status":"publish","type":"post","link":"https:\/\/oasisfm935.com.ar\/site\/ingeniero-luiggi-colision-entre-auto-y-una-moto\/","title":{"rendered":"Ingeniero Luiggi: Colisi\u00f3n entre auto y una moto."},"content":{"rendered":"<p><strong>Esta ma\u00f1ana, personal policial y del Hospital Justo G Ferrari tuvieron que tomar intervenci\u00f3n en una colisi\u00f3n registrada a la hora 8, sobre Avenida Alsina y Calle Moreno.<\/strong><\/p>\n<p><strong>Fm Oasis al respecto dialog\u00f3 con el Jefe policial Leandro Ernst<\/strong>,\u00a0<em> en una colisi\u00f3n registrada a horas 08:00 del d\u00eda de la fecha, sobre Avenida Alsina y Calle Moreno. En dicho lugar se registro la colisi\u00f3n entre un automotor marca Volkwagen Voyage, color rojo y una motocicleta marca Zanella modelo Patagonia Eagle 250, ambos conducidos por personas de esta localidad.<\/em><\/p>\n<p>El masculino a bordo de la motocicleta sufri\u00f3 algunos golpes menores por lo que fue trasladado al Nosocomio Local donde se constato que solo pose\u00eda lesiones y\/o golpes menores.<\/p>\n<p><strong> Por consiguiente se labraron actuaciones de car\u00e1cter simples para que tomen intervenci\u00f3n las respectivas compa\u00f1\u00edas aseguradoras.-<\/strong><\/p>\n<div class=\"oasis-despues-del-contenido\" id=\"oasis-3051402806\"><img loading=\"lazy\" decoding=\"async\" src=\"https:\/\/oasisfm935.com.ar\/site\/wp-content\/uploads\/2020\/08\/47806202-8741-49f2-a5c9-d2f930e5baa1.jpg\" alt=\"\"  srcset=\"https:\/\/oasisfm935.com.ar\/site\/wp-content\/uploads\/2020\/08\/47806202-8741-49f2-a5c9-d2f930e5baa1.jpg 1080w, https:\/\/oasisfm935.com.ar\/site\/wp-content\/uploads\/2020\/08\/47806202-8741-49f2-a5c9-d2f930e5baa1-300x300.jpg 300w, https:\/\/oasisfm935.com.ar\/site\/wp-content\/uploads\/2020\/08\/47806202-8741-49f2-a5c9-d2f930e5baa1-1024x1024.jpg 1024w, https:\/\/oasisfm935.com.ar\/site\/wp-content\/uploads\/2020\/08\/47806202-8741-49f2-a5c9-d2f930e5baa1-150x150.jpg 150w, https:\/\/oasisfm935.com.ar\/site\/wp-content\/uploads\/2020\/08\/47806202-8741-49f2-a5c9-d2f930e5baa1-768x768.jpg 768w\" sizes=\"(max-width: 1080px) 100vw, 1080px\" class=\"no-lazyload\" width=\"1080\" height=\"1080\"  style=\"display: inline-block;\" \/><\/div>","protected":false},"excerpt":{"rendered":"<p>Esta ma\u00f1ana, personal policial y del Hospital Justo G Ferrari tuvieron que tomar intervenci\u00f3n en una colisi\u00f3n registrada a la hora 8,<\/p>\n","protected":false},"author":4,"featured_media":6149,"comment_status":"closed","ping_status":"open","sticky":false,"template":"","format":"standard","meta":{"colormag_page_layout":"default_layout","footnotes":""},"categories":[2],"tags":[],"class_list":["post-6146","post","type-post","status-publish","format-standard","has-post-thumbnail","hentry","category-noticias"],"_links":{"self":[{"href":"https:\/\/oasisfm935.com.ar\/site\/wp-json\/wp\/v2\/posts\/6146","targetHints":{"allow":["GET"]}}],"collection":[{"href":"https:\/\/oasisfm935.com.ar\/site\/wp-json\/wp\/v2\/posts"}],"about":[{"href":"https:\/\/oasisfm935.com.ar\/site\/wp-json\/wp\/v2\/types\/post"}],"author":[{"embeddable":true,"href":"https:\/\/oasisfm935.com.ar\/site\/wp-json\/wp\/v2\/users\/4"}],"replies":[{"embeddable":true,"href":"https:\/\/oasisfm935.com.ar\/site\/wp-json\/wp\/v2\/comments?post=6146"}],"version-history":[{"count":1,"href":"https:\/\/oasisfm935.com.ar\/site\/wp-json\/wp\/v2\/posts\/6146\/revisions"}],"predecessor-version":[{"id":6148,"href":"https:\/\/oasisfm935.com.ar\/site\/wp-json\/wp\/v2\/posts\/6146\/revisions\/6148"}],"wp:featuredmedia":[{"embeddable":true,"href":"https:\/\/oasisfm935.com.ar\/site\/wp-json\/wp\/v2\/media\/6149"}],"wp:attachment":[{"href":"https:\/\/oasisfm935.com.ar\/site\/wp-json\/wp\/v2\/media?parent=6146"}],"wp:term":[{"taxonomy":"category","embeddable":true,"href":"https:\/\/oasisfm935.com.ar\/site\/wp-json\/wp\/v2\/categories?post=6146"},{"taxonomy":"post_tag","embeddable":true,"href":"https:\/\/oasisfm935.com.ar\/site\/wp-json\/wp\/v2\/tags?post=6146"}],"curies":[{"name":"wp","href":"https:\/\/api.w.org\/{rel}","templated":true}]}}