{"id":615,"date":"2019-01-31T09:47:10","date_gmt":"2019-01-31T12:47:10","guid":{"rendered":"http:\/\/oasisfm935.com\/site\/?p=615"},"modified":"2019-01-31T09:47:10","modified_gmt":"2019-01-31T12:47:10","slug":"antonella-gallardo-tocara-con-bruno-arias-en-cosquin","status":"publish","type":"post","link":"https:\/\/oasisfm935.com.ar\/site\/antonella-gallardo-tocara-con-bruno-arias-en-cosquin\/","title":{"rendered":"ANTONELLA GALLARDO TOCARA CON BRUNO ARIAS EN COSQU\u00cdN"},"content":{"rendered":"<p><strong>La presente edici\u00f3n del Festival Nacional de Folklore de Cosqu\u00edn tuvo ya una gran participaci\u00f3n de artistas pampeanos; Rom\u00e1n Ramonda en la noche de apertura, y Lucrecia Rodrigo junto a Angela Irene ayer por la noche con el espect\u00e1culo \u201cPampas\u201d. La luna de esta noche tambi\u00e9n presentar\u00e1 a una pampeana, en este caso santarrose\u00f1a: la violinista y cantante Antonella Gallardo.<\/strong><\/p>\n<p>&nbsp;<\/p>\n<p>La artista fue invitada por el m\u00fasico juje\u00f1o Bruno Arias, para formar parte de una fila de 16 violines que har\u00e1n sonar una chacarera instrumental de su autor\u00eda. Arias ser\u00e1 el encargado de abrir la noche de hoy, y La Pampa estar\u00e1 presente en su propuesta.<\/p>\n<p>Antonella se encuentra en la ciudad de Cosqu\u00edn desde el 4 de enero, ya que es miembro estable de La Instrumental Salamanquera, formaci\u00f3n propia de la Pe\u00f1a La Salamanca. \u201cBruno Arias est\u00e1 como artista fijo de la pe\u00f1a todas las noches y la primera noche que tocamos con La Instrumental nos escuch\u00f3 y despu\u00e9s me lleg\u00f3 un mensaje del violinista de Bruno dici\u00e9ndome que \u00e9l quer\u00eda que toquemos en una canci\u00f3n que hizo y obviamente dije que s\u00ed\u201d, cont\u00f3 Antonella en entrevista con LA ARENA. \u201cSomos 16 violinistas de todo el pa\u00eds que vamos a tocar esa chacarera instrumental. El abre el festival y creo que va a ser el cuarto tema\u201d, adelant\u00f3.<\/p>\n<p><strong>La Salamanquera.<\/strong><br \/>\nLa joven m\u00fasica santarrose\u00f1a trabaja hace a\u00f1os como violinista y cantante en distintos espacios, y en los pr\u00f3ximos meses estar\u00e1 editando su primer trabajo discogr\u00e1fico, que se vio retrasado por su participaci\u00f3n en La Instrumental Salamanquera. \u201cEn agosto del a\u00f1o pasado me llam\u00f3 Luis Salamanca, que es el due\u00f1o de la pe\u00f1a La Salamanca y director del proyecto. Me llam\u00f3 y me cont\u00f3 la propuesta, el rol que cumplir\u00eda en el grupo, que ser\u00eda violinista y tambi\u00e9n cantar\u00eda y que tendr\u00eda que estar todo enero ac\u00e1 (en Cosqu\u00edn)\u201d, detall\u00f3 la artista.<\/p>\n<p>As\u00ed fue que desde el 4 de enero y hasta el pr\u00f3ximo domingo, la agrupaci\u00f3n toca cada noche en la pe\u00f1a, cubriendo los d\u00edas del Pre Cosqu\u00edn y del Festival mayor.<br \/>\n\u201cMediante Whatsapp fuimos armando el repertorio, organiz\u00e1ndonos y cuando llegamos nos juntamos a ensayar de manera intensiva y el 4 de enero tocamos por primera vez\u201d.<\/p>\n<p>El grupo se completa con el bandoneonista Lidio Reyes, que acompa\u00f1\u00f3 a Mercedes Sosa entre otros grandes; el violinista Carlos Escalera, el contrabajista Luis Escalera, Facundo Curbelo en guitarra y voz, Migui C\u00e1ceres en guitarra y Luis Salamanca en percusi\u00f3n. Antonella es la \u00fanica mujer.<\/p>\n<p>\u201cTocamos todas las noches a excepci\u00f3n de tres. Es un trabajo muy intensivo, seguimos ensayando y mejorando cosas, sumando repertorio. Por noche tocamos dos veces, la primera a la medianoche y la segunda para cerrar como a las 5 de la ma\u00f1ana, as\u00ed que dormimos de d\u00eda\u201d, cont\u00f3.<\/p>\n<p>Este domingo finaliza el Festival de Folklore, y con el la pe\u00f1a de La Salamanca, as\u00ed que la pampeana tambi\u00e9n regresa a Santa Rosa, ya que el mi\u00e9rcoles 6 se presentar\u00e1 en la Fiesta de la Ganader\u00eda de Victorica. Los primeros d\u00edas de marzo tocar\u00e1 con la Instrumental en la ciudad de Tilcara.<\/p>\n<p>&nbsp;<\/p>\n<p>&nbsp;<\/p>\n<p>FUENTE: Diario La Arena<\/p>\n<div class=\"oasis-despues-del-contenido\" id=\"oasis-2015807865\"><img loading=\"lazy\" decoding=\"async\" src=\"https:\/\/oasisfm935.com.ar\/site\/wp-content\/uploads\/2020\/08\/47806202-8741-49f2-a5c9-d2f930e5baa1.jpg\" alt=\"\"  srcset=\"https:\/\/oasisfm935.com.ar\/site\/wp-content\/uploads\/2020\/08\/47806202-8741-49f2-a5c9-d2f930e5baa1.jpg 1080w, https:\/\/oasisfm935.com.ar\/site\/wp-content\/uploads\/2020\/08\/47806202-8741-49f2-a5c9-d2f930e5baa1-300x300.jpg 300w, https:\/\/oasisfm935.com.ar\/site\/wp-content\/uploads\/2020\/08\/47806202-8741-49f2-a5c9-d2f930e5baa1-1024x1024.jpg 1024w, https:\/\/oasisfm935.com.ar\/site\/wp-content\/uploads\/2020\/08\/47806202-8741-49f2-a5c9-d2f930e5baa1-150x150.jpg 150w, https:\/\/oasisfm935.com.ar\/site\/wp-content\/uploads\/2020\/08\/47806202-8741-49f2-a5c9-d2f930e5baa1-768x768.jpg 768w\" sizes=\"(max-width: 1080px) 100vw, 1080px\" class=\"no-lazyload\" width=\"1080\" height=\"1080\"  style=\"display: inline-block;\" \/><\/div>","protected":false},"excerpt":{"rendered":"<p>La presente edici\u00f3n del Festival Nacional de Folklore de Cosqu\u00edn tuvo ya una gran participaci\u00f3n de artistas pampeanos; Rom\u00e1n Ramonda en la<\/p>\n","protected":false},"author":4,"featured_media":616,"comment_status":"closed","ping_status":"open","sticky":false,"template":"","format":"standard","meta":{"colormag_page_layout":"default_layout","footnotes":""},"categories":[2],"tags":[],"class_list":["post-615","post","type-post","status-publish","format-standard","has-post-thumbnail","hentry","category-noticias"],"_links":{"self":[{"href":"https:\/\/oasisfm935.com.ar\/site\/wp-json\/wp\/v2\/posts\/615","targetHints":{"allow":["GET"]}}],"collection":[{"href":"https:\/\/oasisfm935.com.ar\/site\/wp-json\/wp\/v2\/posts"}],"about":[{"href":"https:\/\/oasisfm935.com.ar\/site\/wp-json\/wp\/v2\/types\/post"}],"author":[{"embeddable":true,"href":"https:\/\/oasisfm935.com.ar\/site\/wp-json\/wp\/v2\/users\/4"}],"replies":[{"embeddable":true,"href":"https:\/\/oasisfm935.com.ar\/site\/wp-json\/wp\/v2\/comments?post=615"}],"version-history":[{"count":1,"href":"https:\/\/oasisfm935.com.ar\/site\/wp-json\/wp\/v2\/posts\/615\/revisions"}],"predecessor-version":[{"id":617,"href":"https:\/\/oasisfm935.com.ar\/site\/wp-json\/wp\/v2\/posts\/615\/revisions\/617"}],"wp:featuredmedia":[{"embeddable":true,"href":"https:\/\/oasisfm935.com.ar\/site\/wp-json\/wp\/v2\/media\/616"}],"wp:attachment":[{"href":"https:\/\/oasisfm935.com.ar\/site\/wp-json\/wp\/v2\/media?parent=615"}],"wp:term":[{"taxonomy":"category","embeddable":true,"href":"https:\/\/oasisfm935.com.ar\/site\/wp-json\/wp\/v2\/categories?post=615"},{"taxonomy":"post_tag","embeddable":true,"href":"https:\/\/oasisfm935.com.ar\/site\/wp-json\/wp\/v2\/tags?post=615"}],"curies":[{"name":"wp","href":"https:\/\/api.w.org\/{rel}","templated":true}]}}