{"id":6151,"date":"2020-08-10T19:22:30","date_gmt":"2020-08-10T22:22:30","guid":{"rendered":"http:\/\/oasisfm935.com\/site\/?p=6151"},"modified":"2020-08-10T19:22:30","modified_gmt":"2020-08-10T22:22:30","slug":"covid-19-en-la-pampa-un-contacto-estrecho-dio-positivo-de-coronavirus-en-general-pico","status":"publish","type":"post","link":"https:\/\/oasisfm935.com.ar\/site\/covid-19-en-la-pampa-un-contacto-estrecho-dio-positivo-de-coronavirus-en-general-pico\/","title":{"rendered":"Covid-19 en La Pampa: Un contacto estrecho dio \u00abpositivo\u00bb de coronavirus en General Pico"},"content":{"rendered":"<p>El Gobierno de la Provincia de La Pampa a trav\u00e9s del Ministerio de Salud inform\u00f3 que en horas de la tarde de hoy, de 33 muestras analizadas en el laboratorio Central de la Direcci\u00f3n de Epidemiolog\u00eda y en el laboratorio del Establecimiento Asistencial Gobernador Centeno, una result\u00f3 positiva para COVID-19. Se trata de una persona considerada contacto estrecho de un caso positivo, que se encontraba cumpliendo estricto aislamiento.<\/p>\n<p>En el d\u00eda de la fecha un total de 6 personas se han recuperado, 3 pertenecientes a General Acha, 1 de General Pico y 2 residentes en la localidad de Catril\u00f3.<\/p>\n<p>En la Provincia de La Pampa, desde el inicio de la pandemia, se registran un total 178 casos positivos para COVID-19 de los cuales 85 se han recuperado y 93 permanecen activos.<\/p>\n<p>Estos \u00faltimos est\u00e1n distribuidas de la siguiente manera: 33 en la ciudad de Santa Rosa, 1 en General Acha, 21 en Catril\u00f3, 22 en General Pico, 6 en Macach\u00edn, 3 en Embajador Martini, 1 en Santa Isabel, 2 en Toay, 1 en\u00a0Guatrach\u00e9, 1 en Alta Italia y 2 de La Adela.<\/p>\n<p>Los contactos estrechos de los casos confirmados se encuentran cumpliendo aislamiento estricto y siendo monitoreados por personal de Salud P\u00fablica.<\/p>\n<p>Al d\u00eda de hoy, en la Provincia de La Pampa, se encuentran internadas un total de 9 personas confirmadas para COVID-19. En General Pico 5 personas en el Establecimiento Asistencial Gobernador Centeno, de las cuales 4 permanecen en estado moderado y 1 persona en estado grave.<\/p>\n<p>En el Centro Emergente de Asistencia Respiratoria de la ciudad de Santa Rosa, se encuentran internadas 4 personas de las cuales 2 est\u00e1n con estado moderado y 2 contin\u00faan en estado grave en terapia intensiva.<\/p>\n<div class=\"oasis-despues-del-contenido\" id=\"oasis-3076485386\"><img loading=\"lazy\" decoding=\"async\" src=\"https:\/\/oasisfm935.com.ar\/site\/wp-content\/uploads\/2020\/08\/47806202-8741-49f2-a5c9-d2f930e5baa1.jpg\" alt=\"\"  srcset=\"https:\/\/oasisfm935.com.ar\/site\/wp-content\/uploads\/2020\/08\/47806202-8741-49f2-a5c9-d2f930e5baa1.jpg 1080w, https:\/\/oasisfm935.com.ar\/site\/wp-content\/uploads\/2020\/08\/47806202-8741-49f2-a5c9-d2f930e5baa1-300x300.jpg 300w, https:\/\/oasisfm935.com.ar\/site\/wp-content\/uploads\/2020\/08\/47806202-8741-49f2-a5c9-d2f930e5baa1-1024x1024.jpg 1024w, https:\/\/oasisfm935.com.ar\/site\/wp-content\/uploads\/2020\/08\/47806202-8741-49f2-a5c9-d2f930e5baa1-150x150.jpg 150w, https:\/\/oasisfm935.com.ar\/site\/wp-content\/uploads\/2020\/08\/47806202-8741-49f2-a5c9-d2f930e5baa1-768x768.jpg 768w\" sizes=\"(max-width: 1080px) 100vw, 1080px\" class=\"no-lazyload\" width=\"1080\" height=\"1080\"  style=\"display: inline-block;\" \/><\/div>","protected":false},"excerpt":{"rendered":"<p>El Gobierno de la Provincia de La Pampa a trav\u00e9s del Ministerio de Salud inform\u00f3 que en horas de la tarde de<\/p>\n","protected":false},"author":4,"featured_media":6152,"comment_status":"closed","ping_status":"open","sticky":false,"template":"","format":"standard","meta":{"colormag_page_layout":"default_layout","footnotes":""},"categories":[2],"tags":[],"class_list":["post-6151","post","type-post","status-publish","format-standard","has-post-thumbnail","hentry","category-noticias"],"_links":{"self":[{"href":"https:\/\/oasisfm935.com.ar\/site\/wp-json\/wp\/v2\/posts\/6151","targetHints":{"allow":["GET"]}}],"collection":[{"href":"https:\/\/oasisfm935.com.ar\/site\/wp-json\/wp\/v2\/posts"}],"about":[{"href":"https:\/\/oasisfm935.com.ar\/site\/wp-json\/wp\/v2\/types\/post"}],"author":[{"embeddable":true,"href":"https:\/\/oasisfm935.com.ar\/site\/wp-json\/wp\/v2\/users\/4"}],"replies":[{"embeddable":true,"href":"https:\/\/oasisfm935.com.ar\/site\/wp-json\/wp\/v2\/comments?post=6151"}],"version-history":[{"count":1,"href":"https:\/\/oasisfm935.com.ar\/site\/wp-json\/wp\/v2\/posts\/6151\/revisions"}],"predecessor-version":[{"id":6153,"href":"https:\/\/oasisfm935.com.ar\/site\/wp-json\/wp\/v2\/posts\/6151\/revisions\/6153"}],"wp:featuredmedia":[{"embeddable":true,"href":"https:\/\/oasisfm935.com.ar\/site\/wp-json\/wp\/v2\/media\/6152"}],"wp:attachment":[{"href":"https:\/\/oasisfm935.com.ar\/site\/wp-json\/wp\/v2\/media?parent=6151"}],"wp:term":[{"taxonomy":"category","embeddable":true,"href":"https:\/\/oasisfm935.com.ar\/site\/wp-json\/wp\/v2\/categories?post=6151"},{"taxonomy":"post_tag","embeddable":true,"href":"https:\/\/oasisfm935.com.ar\/site\/wp-json\/wp\/v2\/tags?post=6151"}],"curies":[{"name":"wp","href":"https:\/\/api.w.org\/{rel}","templated":true}]}}