{"id":6164,"date":"2020-08-11T19:34:32","date_gmt":"2020-08-11T22:34:32","guid":{"rendered":"http:\/\/oasisfm935.com\/site\/?p=6164"},"modified":"2020-08-11T19:34:32","modified_gmt":"2020-08-11T22:34:32","slug":"coronavirus-ziliotto-posterga-hasta-el-ano-que-viene-el-pago-de-creditos-tomados-por-las-pymes","status":"publish","type":"post","link":"https:\/\/oasisfm935.com.ar\/site\/coronavirus-ziliotto-posterga-hasta-el-ano-que-viene-el-pago-de-creditos-tomados-por-las-pymes\/","title":{"rendered":"Coronavirus: Ziliotto posterga hasta el a\u00f1o que viene el pago de cr\u00e9ditos tomados por las pymes"},"content":{"rendered":"<p>El gobernador Ziliotto realiza anuncios relacionados con las consecuencias econ\u00f3micas de la pandemia en la provincia. Adem\u00e1s, el Banco de La Pampa dio a conocer\u00a0<strong>una nueva l\u00ednea de cr\u00e9ditos para el pago de sueldos, tambi\u00e9n a \u00abtasa cero\u00bb, para el 50% de la n\u00f3mina de trabajadores, en un plazo de 15 meses y seis de gracia<\/strong>.<\/p>\n<p>El gobernador Sergio Zilitto anunci\u00f3 este martes que que posterga hasta el a\u00f1o que viene el pago de los cr\u00e9ditos tomados por las pymes en el Banco de La Pampa para hacer frente a las consecuencias econ\u00f3micas generadas por la pandemia del coronavirus.<\/p>\n<p>Durante la conferencia de prensa en el Sal\u00f3n de Acuerdos, en la que estuvo acompa\u00f1ado por el presidente del Banco de La Pampa, Alexis Iviglia, tambi\u00e9n dio a conocer una nueva l\u00ednea de cr\u00e9ditos\u00a0para el pago de sueldos, tambi\u00e9n a \u00abtasa cero\u00bb, para el 50% de la n\u00f3mina de trabajadores, en un plazo de 15 meses y seis de gracia.<\/p>\n<p><strong>\u201cHoy gracias a Dios la noticia del COVID no pasa por lo sanitario sino por lo econ\u00f3mico\u201d<\/strong>, destac\u00f3 el gobernador Ziliotto luego de los anuncios.<\/p>\n<p>En relaci\u00f3n a la postergaci\u00f3n de los pagos, el mandatario pampeano explic\u00f3 que \u00abesos cr\u00e9ditos ten\u00edan un plazo de gracia a pagarse en agosto, pero en virtud de esta crisis econ\u00f3mica, que ya estaba presente en Argentina y en La Pampa anterior al inicio de la pandemia, vamos a permitir que los vencimientos de las operatorias que se iniciaban en agosto se pasen para el mes de enero de 2021, y as\u00ed sucesivamente\u00bb.<\/p>\n<p><strong>\u00abEstamos postergando el pago de m\u00e1s de 354 millones de pesos que los comerciantes y el empresariado pampeano ten\u00edan que pagar durante este a\u00f1o\u00bb<\/strong>, resalt\u00f3.<\/p>\n<p>Y explic\u00f3:\u00a0<strong>\u00abeso es una inyecci\u00f3n de dinero para la actividad econ\u00f3mica. Esos dineros que ten\u00edan previsto para pagar la cuota, van a poder asignarlo a mejorar la situaci\u00f3n econ\u00f3mica o para tener mayor capital econ\u00f3mico\u00bb<\/strong>.<\/p>\n<p>Luego analiz\u00f3 la situaci\u00f3n de algunos rubros. \u00abHay sectores econ\u00f3micos que todav\u00eda no han podido volver y seguramente van a tardar por la especificidad de cada una de esas actividades\u00bb, indic\u00f3 Ziliotto. Y apunt\u00f3 que har\u00e1 un \u00abseguimiento especial\u00bb para cada una de ellas.<\/p>\n<p>\u00abSon actividades que est\u00e1n resumidas en cinco o seis categor\u00edas&#8230;cines, organizaci\u00f3n de eventos, espacios de recreaci\u00f3n, canchas de f\u00fatbol reducido y fiestas infantiles\u00bb, enumer\u00f3.<\/p>\n<p>El gobernador anunci\u00f3 que se realizar\u00e1 un registro de cada una de esas actividades. \u00abVamos a establecer cu\u00e1les son las medidas de salvataje y acompa\u00f1amiento\u00bb, subray\u00f3.<\/p>\n<div class=\"oasis-despues-del-contenido\" id=\"oasis-327965964\"><img loading=\"lazy\" decoding=\"async\" src=\"https:\/\/oasisfm935.com.ar\/site\/wp-content\/uploads\/2020\/08\/47806202-8741-49f2-a5c9-d2f930e5baa1.jpg\" alt=\"\"  srcset=\"https:\/\/oasisfm935.com.ar\/site\/wp-content\/uploads\/2020\/08\/47806202-8741-49f2-a5c9-d2f930e5baa1.jpg 1080w, https:\/\/oasisfm935.com.ar\/site\/wp-content\/uploads\/2020\/08\/47806202-8741-49f2-a5c9-d2f930e5baa1-300x300.jpg 300w, https:\/\/oasisfm935.com.ar\/site\/wp-content\/uploads\/2020\/08\/47806202-8741-49f2-a5c9-d2f930e5baa1-1024x1024.jpg 1024w, https:\/\/oasisfm935.com.ar\/site\/wp-content\/uploads\/2020\/08\/47806202-8741-49f2-a5c9-d2f930e5baa1-150x150.jpg 150w, https:\/\/oasisfm935.com.ar\/site\/wp-content\/uploads\/2020\/08\/47806202-8741-49f2-a5c9-d2f930e5baa1-768x768.jpg 768w\" sizes=\"(max-width: 1080px) 100vw, 1080px\" class=\"no-lazyload\" width=\"1080\" height=\"1080\"  style=\"display: inline-block;\" \/><\/div>","protected":false},"excerpt":{"rendered":"<p>El gobernador Ziliotto realiza anuncios relacionados con las consecuencias econ\u00f3micas de la pandemia en la provincia. Adem\u00e1s, el Banco de La Pampa<\/p>\n","protected":false},"author":4,"featured_media":6165,"comment_status":"closed","ping_status":"open","sticky":false,"template":"","format":"standard","meta":{"colormag_page_layout":"default_layout","footnotes":""},"categories":[2],"tags":[],"class_list":["post-6164","post","type-post","status-publish","format-standard","has-post-thumbnail","hentry","category-noticias"],"_links":{"self":[{"href":"https:\/\/oasisfm935.com.ar\/site\/wp-json\/wp\/v2\/posts\/6164","targetHints":{"allow":["GET"]}}],"collection":[{"href":"https:\/\/oasisfm935.com.ar\/site\/wp-json\/wp\/v2\/posts"}],"about":[{"href":"https:\/\/oasisfm935.com.ar\/site\/wp-json\/wp\/v2\/types\/post"}],"author":[{"embeddable":true,"href":"https:\/\/oasisfm935.com.ar\/site\/wp-json\/wp\/v2\/users\/4"}],"replies":[{"embeddable":true,"href":"https:\/\/oasisfm935.com.ar\/site\/wp-json\/wp\/v2\/comments?post=6164"}],"version-history":[{"count":1,"href":"https:\/\/oasisfm935.com.ar\/site\/wp-json\/wp\/v2\/posts\/6164\/revisions"}],"predecessor-version":[{"id":6166,"href":"https:\/\/oasisfm935.com.ar\/site\/wp-json\/wp\/v2\/posts\/6164\/revisions\/6166"}],"wp:featuredmedia":[{"embeddable":true,"href":"https:\/\/oasisfm935.com.ar\/site\/wp-json\/wp\/v2\/media\/6165"}],"wp:attachment":[{"href":"https:\/\/oasisfm935.com.ar\/site\/wp-json\/wp\/v2\/media?parent=6164"}],"wp:term":[{"taxonomy":"category","embeddable":true,"href":"https:\/\/oasisfm935.com.ar\/site\/wp-json\/wp\/v2\/categories?post=6164"},{"taxonomy":"post_tag","embeddable":true,"href":"https:\/\/oasisfm935.com.ar\/site\/wp-json\/wp\/v2\/tags?post=6164"}],"curies":[{"name":"wp","href":"https:\/\/api.w.org\/{rel}","templated":true}]}}