{"id":6167,"date":"2020-08-11T19:37:04","date_gmt":"2020-08-11T22:37:04","guid":{"rendered":"http:\/\/oasisfm935.com\/site\/?p=6167"},"modified":"2020-08-11T19:37:04","modified_gmt":"2020-08-11T22:37:04","slug":"la-pampa-en-los-proximos-dias-van-a-permitir-la-circulacion-entre-las-80-localidades","status":"publish","type":"post","link":"https:\/\/oasisfm935.com.ar\/site\/la-pampa-en-los-proximos-dias-van-a-permitir-la-circulacion-entre-las-80-localidades\/","title":{"rendered":"La Pampa: En los pr\u00f3ximos d\u00edas van a permitir la circulaci\u00f3n entre las 80 localidades."},"content":{"rendered":"<p>El gobernador\u00a0<strong>Sergio Ziliotto<\/strong>\u00a0dijo que este mi\u00e9rcoles<strong>\u00a0se reunir\u00e1 el Comit\u00e9 de Crisis<\/strong>. En ese marco, seg\u00fan cont\u00f3, uno de los principales temas a analizar ser\u00e1<strong>\u00a0la posibilidad de que se permita la circulaci\u00f3n de personas entre las 80 localidades de La Pampa<\/strong>.<\/p>\n<p>Actualmente solo se permite la circulaci\u00f3n de personas que tienen trabajos esenciales.<\/p>\n<p>\u201cEste mi\u00e9rcoles se cumplen 14 d\u00edas desde el momento en que Pico pas\u00f3 a fase 1. Es decir, se cumple el ciclo viral de las personas aisladas. Este mi\u00e9rcoles vamos a tomar la decisi\u00f3n. Uno de los principales temas a analizar ser\u00e1 flexibilizar la circulaci\u00f3n, para las actividades econ\u00f3micas. Lo vamos a proponer e inmediatamente lo comunicaremos, ni bien tengamos una resoluci\u00f3n\u201d, dijo.<\/p>\n<div class=\"oasis-despues-del-contenido\" id=\"oasis-4123482111\"><img loading=\"lazy\" decoding=\"async\" src=\"https:\/\/oasisfm935.com.ar\/site\/wp-content\/uploads\/2020\/08\/47806202-8741-49f2-a5c9-d2f930e5baa1.jpg\" alt=\"\"  srcset=\"https:\/\/oasisfm935.com.ar\/site\/wp-content\/uploads\/2020\/08\/47806202-8741-49f2-a5c9-d2f930e5baa1.jpg 1080w, https:\/\/oasisfm935.com.ar\/site\/wp-content\/uploads\/2020\/08\/47806202-8741-49f2-a5c9-d2f930e5baa1-300x300.jpg 300w, https:\/\/oasisfm935.com.ar\/site\/wp-content\/uploads\/2020\/08\/47806202-8741-49f2-a5c9-d2f930e5baa1-1024x1024.jpg 1024w, https:\/\/oasisfm935.com.ar\/site\/wp-content\/uploads\/2020\/08\/47806202-8741-49f2-a5c9-d2f930e5baa1-150x150.jpg 150w, https:\/\/oasisfm935.com.ar\/site\/wp-content\/uploads\/2020\/08\/47806202-8741-49f2-a5c9-d2f930e5baa1-768x768.jpg 768w\" sizes=\"(max-width: 1080px) 100vw, 1080px\" class=\"no-lazyload\" width=\"1080\" height=\"1080\"  style=\"display: inline-block;\" \/><\/div>","protected":false},"excerpt":{"rendered":"<p>El gobernador\u00a0Sergio Ziliotto\u00a0dijo que este mi\u00e9rcoles\u00a0se reunir\u00e1 el Comit\u00e9 de Crisis. En ese marco, seg\u00fan cont\u00f3, uno de los principales temas a<\/p>\n","protected":false},"author":4,"featured_media":6168,"comment_status":"closed","ping_status":"open","sticky":false,"template":"","format":"standard","meta":{"colormag_page_layout":"default_layout","footnotes":""},"categories":[2],"tags":[],"class_list":["post-6167","post","type-post","status-publish","format-standard","has-post-thumbnail","hentry","category-noticias"],"_links":{"self":[{"href":"https:\/\/oasisfm935.com.ar\/site\/wp-json\/wp\/v2\/posts\/6167","targetHints":{"allow":["GET"]}}],"collection":[{"href":"https:\/\/oasisfm935.com.ar\/site\/wp-json\/wp\/v2\/posts"}],"about":[{"href":"https:\/\/oasisfm935.com.ar\/site\/wp-json\/wp\/v2\/types\/post"}],"author":[{"embeddable":true,"href":"https:\/\/oasisfm935.com.ar\/site\/wp-json\/wp\/v2\/users\/4"}],"replies":[{"embeddable":true,"href":"https:\/\/oasisfm935.com.ar\/site\/wp-json\/wp\/v2\/comments?post=6167"}],"version-history":[{"count":1,"href":"https:\/\/oasisfm935.com.ar\/site\/wp-json\/wp\/v2\/posts\/6167\/revisions"}],"predecessor-version":[{"id":6169,"href":"https:\/\/oasisfm935.com.ar\/site\/wp-json\/wp\/v2\/posts\/6167\/revisions\/6169"}],"wp:featuredmedia":[{"embeddable":true,"href":"https:\/\/oasisfm935.com.ar\/site\/wp-json\/wp\/v2\/media\/6168"}],"wp:attachment":[{"href":"https:\/\/oasisfm935.com.ar\/site\/wp-json\/wp\/v2\/media?parent=6167"}],"wp:term":[{"taxonomy":"category","embeddable":true,"href":"https:\/\/oasisfm935.com.ar\/site\/wp-json\/wp\/v2\/categories?post=6167"},{"taxonomy":"post_tag","embeddable":true,"href":"https:\/\/oasisfm935.com.ar\/site\/wp-json\/wp\/v2\/tags?post=6167"}],"curies":[{"name":"wp","href":"https:\/\/api.w.org\/{rel}","templated":true}]}}