{"id":6176,"date":"2020-08-11T20:38:05","date_gmt":"2020-08-11T23:38:05","guid":{"rendered":"http:\/\/oasisfm935.com\/site\/?p=6176"},"modified":"2020-08-11T20:38:05","modified_gmt":"2020-08-11T23:38:05","slug":"la-pampa-covid-19-un-nuevo-caso-positivo-confirmado-en-general-pico-se-encontraba-en-aislamiento","status":"publish","type":"post","link":"https:\/\/oasisfm935.com.ar\/site\/la-pampa-covid-19-un-nuevo-caso-positivo-confirmado-en-general-pico-se-encontraba-en-aislamiento\/","title":{"rendered":"La Pampa COVID-19: un nuevo caso positivo confirmado en General Pico, se encontraba en aislamiento."},"content":{"rendered":"<p class=\"lead nota-detalle-bajada\">El Gobierno de la Provincia de La Pampa a trav\u00e9s del Ministerio de Salud inform\u00f3 que en el reporte del d\u00eda 11 de agosto, de 36 muestras analizadas 1 result\u00f3 positiva para COVID-19.<\/p>\n<p class=\"lead nota-detalle-bajada\">Se trata de un habitante residente en General Pico, que se encontraba cumpliendo con aislamiento estricto por considerarse contacto estrecho de un caso positivo.<\/p>\n<div class=\"nota-detalle-cuerpo\">\n<p><strong>Aclaraci\u00f3n sobre la carga de casos confirmados en el Reporte Nacional<\/strong><br \/>\nEs importante aclarar que existe una diferencia de casos confirmados entre el Reporte Provincial y el Nacional ya que se asisten y notifican pacientes que viven en otras provincias que tienen domicilio legal (el que figura en el DNI) en la provincia de La Pampa.<\/p>\n<p><strong>Situaci\u00f3n Provincial\u00a0<\/strong><br \/>\nEn la provincia de La Pampa, en el d\u00eda de la fecha, un total de 8 personas pertenecientes a la localidad de Catril\u00f3 se recuperaron en su totalidad.<\/p>\n<p>Desde el inicio de la pandemia en La Pampa se registraron un total 179 casos positivos para COVID-19, de los cuales 93 se han recuperado y 86 permanecen activos. Estos \u00faltimos est\u00e1n distribuidos de la siguiente manera: 33 en la ciudad de Santa Rosa, 1 en General Acha, 13 en Catril\u00f3, 23 en General Pico, 6 en Macach\u00edn, 3 en Embajador Martini, 1 en Santa Isabel, 2 en Toay, 1 en Guatrach\u00e9, 1 en Alta Italia y 2 en La Adela.<\/p>\n<p>Los contactos estrechos de los casos confirmados se encuentran cumpliendo aislamiento estricto, los mismos son monitoreados por personal de Salud P\u00falica.<\/p>\n<p>Al d\u00eda de la fecha en la Provincia de La Pampa se encuentran internadas un total de 6 personas confirmadas para COVID-19. En General Pico 4 personas en el Establecimiento Asistencial Gobernador Centeno, de las cuales 3 permanecen con estado moderado y 1 persona en estado grave. En el Centro Emergente de Asistencia Respiratoria de\u00a0Santa Rosa\u00a0se encuentran internadas 2 personas en Terapia Intensiva con estado grave.<\/p>\n<\/div>\n<div class=\"oasis-despues-del-contenido\" id=\"oasis-4232699802\"><img loading=\"lazy\" decoding=\"async\" src=\"https:\/\/oasisfm935.com.ar\/site\/wp-content\/uploads\/2020\/08\/47806202-8741-49f2-a5c9-d2f930e5baa1.jpg\" alt=\"\"  srcset=\"https:\/\/oasisfm935.com.ar\/site\/wp-content\/uploads\/2020\/08\/47806202-8741-49f2-a5c9-d2f930e5baa1.jpg 1080w, https:\/\/oasisfm935.com.ar\/site\/wp-content\/uploads\/2020\/08\/47806202-8741-49f2-a5c9-d2f930e5baa1-300x300.jpg 300w, https:\/\/oasisfm935.com.ar\/site\/wp-content\/uploads\/2020\/08\/47806202-8741-49f2-a5c9-d2f930e5baa1-1024x1024.jpg 1024w, https:\/\/oasisfm935.com.ar\/site\/wp-content\/uploads\/2020\/08\/47806202-8741-49f2-a5c9-d2f930e5baa1-150x150.jpg 150w, https:\/\/oasisfm935.com.ar\/site\/wp-content\/uploads\/2020\/08\/47806202-8741-49f2-a5c9-d2f930e5baa1-768x768.jpg 768w\" sizes=\"(max-width: 1080px) 100vw, 1080px\" class=\"no-lazyload\" width=\"1080\" height=\"1080\"  style=\"display: inline-block;\" \/><\/div>","protected":false},"excerpt":{"rendered":"<p>El Gobierno de la Provincia de La Pampa a trav\u00e9s del Ministerio de Salud inform\u00f3 que en el reporte del d\u00eda 11<\/p>\n","protected":false},"author":4,"featured_media":6177,"comment_status":"closed","ping_status":"open","sticky":false,"template":"","format":"standard","meta":{"colormag_page_layout":"default_layout","footnotes":""},"categories":[2],"tags":[],"class_list":["post-6176","post","type-post","status-publish","format-standard","has-post-thumbnail","hentry","category-noticias"],"_links":{"self":[{"href":"https:\/\/oasisfm935.com.ar\/site\/wp-json\/wp\/v2\/posts\/6176","targetHints":{"allow":["GET"]}}],"collection":[{"href":"https:\/\/oasisfm935.com.ar\/site\/wp-json\/wp\/v2\/posts"}],"about":[{"href":"https:\/\/oasisfm935.com.ar\/site\/wp-json\/wp\/v2\/types\/post"}],"author":[{"embeddable":true,"href":"https:\/\/oasisfm935.com.ar\/site\/wp-json\/wp\/v2\/users\/4"}],"replies":[{"embeddable":true,"href":"https:\/\/oasisfm935.com.ar\/site\/wp-json\/wp\/v2\/comments?post=6176"}],"version-history":[{"count":1,"href":"https:\/\/oasisfm935.com.ar\/site\/wp-json\/wp\/v2\/posts\/6176\/revisions"}],"predecessor-version":[{"id":6178,"href":"https:\/\/oasisfm935.com.ar\/site\/wp-json\/wp\/v2\/posts\/6176\/revisions\/6178"}],"wp:featuredmedia":[{"embeddable":true,"href":"https:\/\/oasisfm935.com.ar\/site\/wp-json\/wp\/v2\/media\/6177"}],"wp:attachment":[{"href":"https:\/\/oasisfm935.com.ar\/site\/wp-json\/wp\/v2\/media?parent=6176"}],"wp:term":[{"taxonomy":"category","embeddable":true,"href":"https:\/\/oasisfm935.com.ar\/site\/wp-json\/wp\/v2\/categories?post=6176"},{"taxonomy":"post_tag","embeddable":true,"href":"https:\/\/oasisfm935.com.ar\/site\/wp-json\/wp\/v2\/tags?post=6176"}],"curies":[{"name":"wp","href":"https:\/\/api.w.org\/{rel}","templated":true}]}}