{"id":6180,"date":"2020-08-12T08:40:39","date_gmt":"2020-08-12T11:40:39","guid":{"rendered":"http:\/\/oasisfm935.com\/site\/?p=6180"},"modified":"2020-08-12T08:41:10","modified_gmt":"2020-08-12T11:41:10","slug":"la-pampa-pandemia-unilpa-aplaudio-la-postergacion-del-pago-de-creditos-a-2600-pymes-pampeanas","status":"publish","type":"post","link":"https:\/\/oasisfm935.com.ar\/site\/la-pampa-pandemia-unilpa-aplaudio-la-postergacion-del-pago-de-creditos-a-2600-pymes-pampeanas\/","title":{"rendered":"La Pampa Pandemia: Unilpa aplaudi\u00f3 la postergaci\u00f3n del pago de cr\u00e9ditos a 2600 pymes pampeanas"},"content":{"rendered":"<p><strong>Los industriales pampeanos est\u00e1n mas aliviados<\/strong>. El presidente de la Uni\u00f3n Industrial de La Pampa (Unilpa),\u00a0<strong>Rub\u00e9n Gorordo<\/strong>, resalt\u00f3 a<strong>\u00a0Diario Textual<\/strong>\u00a0que es<strong>\u00a0\u201cmuy positiva\u201d<\/strong>\u00a0la decisi\u00f3n del Gobierno provincial de\u00a0<strong>postergar hasta 2021 el inicio de los pagos los cr\u00e9ditos<\/strong>\u00a0que tomaron en el Banco de La Pampa (BLP) en medio de pandemia para abonar, principalmente, los salarios de unos 15 mil trabajadores y sostener el empleo.<\/p>\n<p>El gobernador\u00a0<strong>Sergio Ziliotto\u00a0<\/strong>anunci\u00f3 este martes, tal como hab\u00eda adelantado Diario Textual, la postergacion del pago de la primera cuota de los prestamos a tasa cero :ahora\u00a0<strong>el vencimiento de agosto se pasa a enero de 2021<\/strong>.<\/p>\n<p>Fueron tomados por\u00a0<strong>2600 empresas<\/strong>, con un monto total de 845 millones de pesos.<\/p>\n<p>Los cr\u00e9ditos a tasa cero fueron destinadas a pymes -muchas industriales- que pagan el salario a sus empleados a trav\u00e9s del Banco de La Pampa.<\/p>\n<p>Esta l\u00ednea crediticia fue anunciada hace casi cuatro meses por Casa de Gobierno como parte de un paquete de medidas para paliar los efectos del coronavirus en la econom\u00eda pampeana.\u00a0<strong>Pero en los pr\u00f3ximos d\u00edas se vence la primera cuota, luego de los tres meses de gracia, y no hay suficiente dinero en las empresas que tuvieron que volver cerrar en las \u00faltimas dos semanas a ra\u00edz del brote de covid-19.<\/strong>\u00a0\u201cEsta medida de postergaci\u00f3n de los pagos es algo muy positivo y necesario.\u00a0<strong>Es una buena noticia para las industrias<\/strong>\u201d, dijo el presidente de Unilpa.<\/p>\n<p>\u201c<strong>Es un cr\u00e9dito y hay que pagarlo, pero estos d\u00edas son muy dif\u00edciles para las pymes industriales pampeanas<\/strong>. Es un respiro\u201d,<\/p>\n<p>Destac\u00f3 el apoyo gubernamental para sostener el empleo en medio de la pandemia. \u201cEl Gobierno mira a la industria y quiere que no llegue a que cierre una pyme, porque adem\u00e1s despu\u00e9s es dif\u00edcil reabrirla\u00bb, manifest\u00f3 el director de la empresa El Campo S.A de Ingeniero\u00a0Luiggi.<\/p>\n<p>\u201cLa verdad es que en La Pampa siempre estamos trabajando en conjunto con el Gobierno y adem\u00e1s el Banco de La Pampa est\u00e1 trabajando con tasas subsidiadas\u201d, finaliz\u00f3.<\/p>\n<p>Hay, adem\u00e1s, otro dato que lo dijo hasta el gobernador<strong>: parte del cr\u00e9dito se licuar\u00e1 con la inflaci\u00f3n que se proyecta<\/strong>. Se espera que el \u00abahorro\u00bb para las empresas sea de unos 150 millones de pesos.<\/p>\n<div class=\"oasis-despues-del-contenido\" id=\"oasis-1399703857\"><img loading=\"lazy\" decoding=\"async\" src=\"https:\/\/oasisfm935.com.ar\/site\/wp-content\/uploads\/2020\/08\/47806202-8741-49f2-a5c9-d2f930e5baa1.jpg\" alt=\"\"  srcset=\"https:\/\/oasisfm935.com.ar\/site\/wp-content\/uploads\/2020\/08\/47806202-8741-49f2-a5c9-d2f930e5baa1.jpg 1080w, https:\/\/oasisfm935.com.ar\/site\/wp-content\/uploads\/2020\/08\/47806202-8741-49f2-a5c9-d2f930e5baa1-300x300.jpg 300w, https:\/\/oasisfm935.com.ar\/site\/wp-content\/uploads\/2020\/08\/47806202-8741-49f2-a5c9-d2f930e5baa1-1024x1024.jpg 1024w, https:\/\/oasisfm935.com.ar\/site\/wp-content\/uploads\/2020\/08\/47806202-8741-49f2-a5c9-d2f930e5baa1-150x150.jpg 150w, https:\/\/oasisfm935.com.ar\/site\/wp-content\/uploads\/2020\/08\/47806202-8741-49f2-a5c9-d2f930e5baa1-768x768.jpg 768w\" sizes=\"(max-width: 1080px) 100vw, 1080px\" class=\"no-lazyload\" width=\"1080\" height=\"1080\"  style=\"display: inline-block;\" \/><\/div>","protected":false},"excerpt":{"rendered":"<p>Los industriales pampeanos est\u00e1n mas aliviados. El presidente de la Uni\u00f3n Industrial de La Pampa (Unilpa),\u00a0Rub\u00e9n Gorordo, resalt\u00f3 a\u00a0Diario Textual\u00a0que es\u00a0\u201cmuy positiva\u201d\u00a0la<\/p>\n","protected":false},"author":4,"featured_media":6181,"comment_status":"closed","ping_status":"open","sticky":false,"template":"","format":"standard","meta":{"colormag_page_layout":"default_layout","footnotes":""},"categories":[2],"tags":[],"class_list":["post-6180","post","type-post","status-publish","format-standard","has-post-thumbnail","hentry","category-noticias"],"_links":{"self":[{"href":"https:\/\/oasisfm935.com.ar\/site\/wp-json\/wp\/v2\/posts\/6180","targetHints":{"allow":["GET"]}}],"collection":[{"href":"https:\/\/oasisfm935.com.ar\/site\/wp-json\/wp\/v2\/posts"}],"about":[{"href":"https:\/\/oasisfm935.com.ar\/site\/wp-json\/wp\/v2\/types\/post"}],"author":[{"embeddable":true,"href":"https:\/\/oasisfm935.com.ar\/site\/wp-json\/wp\/v2\/users\/4"}],"replies":[{"embeddable":true,"href":"https:\/\/oasisfm935.com.ar\/site\/wp-json\/wp\/v2\/comments?post=6180"}],"version-history":[{"count":1,"href":"https:\/\/oasisfm935.com.ar\/site\/wp-json\/wp\/v2\/posts\/6180\/revisions"}],"predecessor-version":[{"id":6182,"href":"https:\/\/oasisfm935.com.ar\/site\/wp-json\/wp\/v2\/posts\/6180\/revisions\/6182"}],"wp:featuredmedia":[{"embeddable":true,"href":"https:\/\/oasisfm935.com.ar\/site\/wp-json\/wp\/v2\/media\/6181"}],"wp:attachment":[{"href":"https:\/\/oasisfm935.com.ar\/site\/wp-json\/wp\/v2\/media?parent=6180"}],"wp:term":[{"taxonomy":"category","embeddable":true,"href":"https:\/\/oasisfm935.com.ar\/site\/wp-json\/wp\/v2\/categories?post=6180"},{"taxonomy":"post_tag","embeddable":true,"href":"https:\/\/oasisfm935.com.ar\/site\/wp-json\/wp\/v2\/tags?post=6180"}],"curies":[{"name":"wp","href":"https:\/\/api.w.org\/{rel}","templated":true}]}}