{"id":6186,"date":"2020-08-12T16:52:14","date_gmt":"2020-08-12T19:52:14","guid":{"rendered":"http:\/\/oasisfm935.com\/site\/?p=6186"},"modified":"2020-08-12T16:53:12","modified_gmt":"2020-08-12T19:53:12","slug":"a-partir-de-hoy-se-vuelven-a-acreditar-los-pagos-de-la-tarjeta-alimentar","status":"publish","type":"post","link":"https:\/\/oasisfm935.com.ar\/site\/a-partir-de-hoy-se-vuelven-a-acreditar-los-pagos-de-la-tarjeta-alimentar\/","title":{"rendered":"A partir de hoy se vuelven a acreditar los pagos de la Tarjeta Alimentar"},"content":{"rendered":"<p>El Ministerio de Desarrollo Social de la Naci\u00f3n informa las fechas de acreditaci\u00f3n para titulares de la\u00a0Tarjeta Alimentar\u00a0en el mes de agosto. Bajo el marco del Plan Argentina contra el hambre, la tarjeta tiene como objetivo garantizar el\u00a0<strong>derecho a la alimentaci\u00f3n<\/strong>\u00a0de las familias m\u00e1s vulnerables del pa\u00eds.<\/p>\n<p>En agosto, a quienes poseen la tarjeta en forma f\u00edsica el monto total mensual se acreditar\u00e1 el\u00a0<strong>tercer viernes del mes<\/strong>, en este caso el\u00a0<strong>21 de agosto<\/strong>.<\/p>\n<p>Por su parte, para quienes se les acredite a trav\u00e9s de la Asignaci\u00f3n Universal por Hijo (AUH), el calendario de pago ser\u00e1 el siguiente:<\/p>\n<ul>\n<li>Documentos terminados en 0, 1 y 2: Mi\u00e9rcoles 12 de agosto.<\/li>\n<li>Documentos terminados en 3: Jueves 13 de agosto.<\/li>\n<li>Documentos terminados en 4: Viernes 14 de agosto.<\/li>\n<li>Documentos terminados en 5: Martes 18 de agosto.<\/li>\n<li>Documentos terminados en 6: Mi\u00e9rcoles 19 de agosto.<\/li>\n<li>Documentos terminados en 7: Jueves 20 de agosto.<\/li>\n<li>Documentos terminados en 8: Viernes 21 de agosto.<\/li>\n<li>Documentos terminados en 9: Lunes 24 de agosto.<\/li>\n<\/ul>\n<p>La tarjeta Alimentar est\u00e1 destinada a madres y padres con hijos o hijas de hasta 6 a\u00f1os de edad que reciben la Asignaci\u00f3n Universal por Hijo (AUH); embarazadas a partir de los tres meses que cobran la Asignaci\u00f3n por Embarazo; y personas con discapacidad que reciben la AUH.<\/p>\n<p>La misma stablece un monto de 4000 pesos para quienes tienen un hijo y de 6000 pesos para quienes tengan dos o m\u00e1s hijos y permite comprar\u00a0<strong>todo tipo de alimentos<\/strong>.<\/p>\n<div class=\"oasis-despues-del-contenido\" id=\"oasis-2468614594\"><img loading=\"lazy\" decoding=\"async\" src=\"https:\/\/oasisfm935.com.ar\/site\/wp-content\/uploads\/2020\/08\/47806202-8741-49f2-a5c9-d2f930e5baa1.jpg\" alt=\"\"  srcset=\"https:\/\/oasisfm935.com.ar\/site\/wp-content\/uploads\/2020\/08\/47806202-8741-49f2-a5c9-d2f930e5baa1.jpg 1080w, https:\/\/oasisfm935.com.ar\/site\/wp-content\/uploads\/2020\/08\/47806202-8741-49f2-a5c9-d2f930e5baa1-300x300.jpg 300w, https:\/\/oasisfm935.com.ar\/site\/wp-content\/uploads\/2020\/08\/47806202-8741-49f2-a5c9-d2f930e5baa1-1024x1024.jpg 1024w, https:\/\/oasisfm935.com.ar\/site\/wp-content\/uploads\/2020\/08\/47806202-8741-49f2-a5c9-d2f930e5baa1-150x150.jpg 150w, https:\/\/oasisfm935.com.ar\/site\/wp-content\/uploads\/2020\/08\/47806202-8741-49f2-a5c9-d2f930e5baa1-768x768.jpg 768w\" sizes=\"(max-width: 1080px) 100vw, 1080px\" class=\"no-lazyload\" width=\"1080\" height=\"1080\"  style=\"display: inline-block;\" \/><\/div>","protected":false},"excerpt":{"rendered":"<p>El Ministerio de Desarrollo Social de la Naci\u00f3n informa las fechas de acreditaci\u00f3n para titulares de la\u00a0Tarjeta Alimentar\u00a0en el mes de agosto.<\/p>\n","protected":false},"author":4,"featured_media":6187,"comment_status":"closed","ping_status":"open","sticky":false,"template":"","format":"standard","meta":{"colormag_page_layout":"default_layout","footnotes":""},"categories":[2],"tags":[],"class_list":["post-6186","post","type-post","status-publish","format-standard","has-post-thumbnail","hentry","category-noticias"],"_links":{"self":[{"href":"https:\/\/oasisfm935.com.ar\/site\/wp-json\/wp\/v2\/posts\/6186","targetHints":{"allow":["GET"]}}],"collection":[{"href":"https:\/\/oasisfm935.com.ar\/site\/wp-json\/wp\/v2\/posts"}],"about":[{"href":"https:\/\/oasisfm935.com.ar\/site\/wp-json\/wp\/v2\/types\/post"}],"author":[{"embeddable":true,"href":"https:\/\/oasisfm935.com.ar\/site\/wp-json\/wp\/v2\/users\/4"}],"replies":[{"embeddable":true,"href":"https:\/\/oasisfm935.com.ar\/site\/wp-json\/wp\/v2\/comments?post=6186"}],"version-history":[{"count":1,"href":"https:\/\/oasisfm935.com.ar\/site\/wp-json\/wp\/v2\/posts\/6186\/revisions"}],"predecessor-version":[{"id":6188,"href":"https:\/\/oasisfm935.com.ar\/site\/wp-json\/wp\/v2\/posts\/6186\/revisions\/6188"}],"wp:featuredmedia":[{"embeddable":true,"href":"https:\/\/oasisfm935.com.ar\/site\/wp-json\/wp\/v2\/media\/6187"}],"wp:attachment":[{"href":"https:\/\/oasisfm935.com.ar\/site\/wp-json\/wp\/v2\/media?parent=6186"}],"wp:term":[{"taxonomy":"category","embeddable":true,"href":"https:\/\/oasisfm935.com.ar\/site\/wp-json\/wp\/v2\/categories?post=6186"},{"taxonomy":"post_tag","embeddable":true,"href":"https:\/\/oasisfm935.com.ar\/site\/wp-json\/wp\/v2\/tags?post=6186"}],"curies":[{"name":"wp","href":"https:\/\/api.w.org\/{rel}","templated":true}]}}