{"id":6189,"date":"2020-08-12T17:53:49","date_gmt":"2020-08-12T20:53:49","guid":{"rendered":"http:\/\/oasisfm935.com\/site\/?p=6189"},"modified":"2020-08-12T18:23:31","modified_gmt":"2020-08-12T21:23:31","slug":"los-diputados-lujan-y-zanoli-presentaron-un-proyecto-de-ley-de-promocion-de-la-produccion-agroecologica","status":"publish","type":"post","link":"https:\/\/oasisfm935.com.ar\/site\/los-diputados-lujan-y-zanoli-presentaron-un-proyecto-de-ley-de-promocion-de-la-produccion-agroecologica\/","title":{"rendered":"Los diputados Luj\u00e1n y Zanoli presentaron un proyecto de Ley de promoci\u00f3n de la producci\u00f3n agroecol\u00f3gica"},"content":{"rendered":"<p><strong>Los diputados Valeria Luj\u00e1n y Oscar Zanoli<\/strong>\u00a0presentaron hoy un proyecto de Ley que tiene por objetivo\u00a0<strong>promover el desarrollo de sistemas de producci\u00f3n agroecol\u00f3gica en la provincia.<\/strong><\/p>\n<p>La iniciativa apunta a impulsar \u00a0actividades, pr\u00e1cticas, procesos de producci\u00f3n, comercializaci\u00f3n y consumos de alimentos saludables producidos con sostenibilidad ambiental, econ\u00f3mica, social y cultural; teniendo en consideraci\u00f3n el ordenamiento productivo de cada regi\u00f3n y el cuidado de los recursos naturales.<\/p>\n<p>En el proyecto de ley, los legisladores explicaron que \u201c<strong>se entiende por producci\u00f3n agroecol\u00f3gica al conjunto de pr\u00e1cticas basadas en el dise\u00f1o, desarrollo y gesti\u00f3n de sistemas agr\u00edcolas y\/o agr\u00edcolas-ganaderos sustentables con tecnolog\u00edas apropiadas, respetando la diversidad natural y social de los ecosistemas locales, la diversificaci\u00f3n de los cultivos y la revalorizaci\u00f3n de pr\u00e1cticas tradicionales y ancestrales, sin la utilizaci\u00f3n de insumos de s\u00edntesis qu\u00edmica, que permitan una alimentaci\u00f3n segura y saludable\u201d.<\/strong><\/p>\n<p>Se incluye, por lo tanto, dentro de esta definici\u00f3n a la agricultura org\u00e1nica, biodin\u00e1mica, permacultura.<\/p>\n<p>Entre los fundamentos de este proyecto de ley, destacaron que \u00abintenta constituir una pol\u00edtica p\u00fablica que promociona la reconversi\u00f3n productiva de las \u00e1reas periurbanas de Municipios y Comunas, considerando los aspectos ambientales, sociales y econ\u00f3micos de los procesos productivos\u00bb.<\/p>\n<p><strong>Se busca posibilitar a la poblaci\u00f3n el acceso a alimentos saludables, libres de contaminantes y producidos por peque\u00f1os y medianos productores de toda la provincia con la promoci\u00f3n agroecol\u00f3gica y los circuitos cortos de comercializaci\u00f3n<\/strong>.<\/p>\n<p><strong>Sumado a ello se da respuesta a un modelo productivo que es cuestionado por la sociedad, por intoxicaciones con agroqu\u00edmicos,<\/strong>\u00a0preocupaci\u00f3n por el deterioro del suelo debido al manejo realizado; falta de soluciones al problema de plagas y enfermedades; imposibilidad de fijar precios de su propia producci\u00f3n debido a la din\u00e1mica de los mercados concentradores; la aparici\u00f3n de alternativas de comercializaci\u00f3n: mercados y ferias con productos diferenciados como los \u201cagroecol\u00f3gicos\u201d o \u201clibres de qu\u00edmicos\u201d entre otros, que exigen cambios en el administraci\u00f3n productiva y normativas municipales o provinciales que limitan el uso de agroqu\u00edmicos.<\/p>\n<p>El proyecto busca proveer a los productores agroecol\u00f3gicos de herramientas que contribuyan a mejorar las formas de producci\u00f3n, ya sea desde el acompa\u00f1amiento t\u00e9cnico y\/o el financiamiento de bienes e insumos; promover el conocimiento de las pr\u00e1cticas agroecol\u00f3gicas en distintos niveles y formas.<\/p>\n<p><strong>Detallaron que este tipo de producci\u00f3n tiene principios elementales que deben respetarse como son:<\/strong><\/p>\n<ul type=\"1\">\n<li>El mantenimiento del suelo cubierto para su conservaci\u00f3n y del agua mediante pr\u00e1cticas de laboreo variadas y adaptadas al lugar como labranza tradicional, vertical, siembras al voleo, siembras directas, cobertura vegetal seca, cultivos de cubierta verdes de invierno y de verano, curvas de nivel, etc.<\/li>\n<li>Suministro regular de materia org\u00e1nica mediante el uso de compostaje, estercoleros, cenizas, lombricompuestos y biofertilizantes, ganader\u00eda en pie.<\/li>\n<li>\n<ul>\n<li>Reciclaje de nutrientes mediante rotaciones de cultivos, asociaciones de plantas, cultivos en franjas, agroforester\u00eda, cultivos intercalados basados en leguminosas y otras producciones planificadas, muchas de ellas en asociaci\u00f3n con pr\u00e1cticas ganaderas sistematizadas;<\/li>\n<\/ul>\n<ul>\n<li>Prevenci\u00f3n y control natural de plagas y enfermedades mediante el uso de biopreparados, tramperos, plantas repelentes y atrayentes, as\u00ed como la diversificaci\u00f3n, introducci\u00f3n y conservaci\u00f3n de los enemigos naturales y todos aquellos productos habilitados en el Registro de productos agroecol\u00f3gicos.<\/li>\n<\/ul>\n<ul>\n<li>Uso m\u00faltiple y sustentable del paisaje y la biodiversidad; 6)Producci\u00f3n, selecci\u00f3n y conservaci\u00f3n de materiales gen\u00e9ticos locales, regionales y nacionales de semillas, plantines y animales.<\/li>\n<\/ul>\n<\/li>\n<\/ul>\n<p>El proyecto de ley propone la\u00a0<strong>creaci\u00f3n del \u00a0Consejo de la Producci\u00f3n Agroecol\u00f3gica en el \u00e1mbito del Ministerio de la Producci\u00f3n<\/strong>. El mismo actuar\u00e1 como un \u00d3rgano de concertaci\u00f3n provincial, asesor\u00eda y consulta en materia de producci\u00f3n agroecol\u00f3gica, y sobre las pol\u00edticas, programas, acciones y normas para el fomento y promoci\u00f3n de dicha actividad.<\/p>\n<p>Adem\u00e1s propone la\u00a0<strong>creaci\u00f3n del Registro de Productores Agroecol\u00f3gicos<\/strong>\u00a0en el \u00e1mbito del Ministerio de la Producci\u00f3n de La Provincia de la Pampa a trav\u00e9s del \u00e1rea que considere pertinente; con el objeto de disponer de datos actualizados sobre cantidad, distribuci\u00f3n espacial, rubros, potencial productivo, etc; que proporcionan elementos para la adecuaci\u00f3n de pol\u00edticas y programas dirigidos al fortalecimiento de los sistemas de producci\u00f3n agroecol\u00f3gica.<\/p>\n<p><strong>Los productores agroecol\u00f3gicos inscriptos en el Registro podr\u00e1n solicitar a la Autoridad de Aplicaci\u00f3n el otorgamiento de cr\u00e9ditos para las actividades productivas dentro del sistema de producci\u00f3n agroecol\u00f3gica.\u00a0<\/strong>Dichos productores gozan de especial atenci\u00f3n y prioridad en las pol\u00edticas de cr\u00e9dito y programas de producci\u00f3n de alimentos.<\/p>\n<div class=\"entry-content\">\n<p>La Autoridad de Aplicaci\u00f3n de la presente Ley ser\u00e1 el Ministerio de la Producci\u00f3n de la Provincia.<\/p>\n<\/div>\n<div class=\"oasis-despues-del-contenido\" id=\"oasis-1179890749\"><img loading=\"lazy\" decoding=\"async\" src=\"https:\/\/oasisfm935.com.ar\/site\/wp-content\/uploads\/2020\/08\/47806202-8741-49f2-a5c9-d2f930e5baa1.jpg\" alt=\"\"  srcset=\"https:\/\/oasisfm935.com.ar\/site\/wp-content\/uploads\/2020\/08\/47806202-8741-49f2-a5c9-d2f930e5baa1.jpg 1080w, https:\/\/oasisfm935.com.ar\/site\/wp-content\/uploads\/2020\/08\/47806202-8741-49f2-a5c9-d2f930e5baa1-300x300.jpg 300w, https:\/\/oasisfm935.com.ar\/site\/wp-content\/uploads\/2020\/08\/47806202-8741-49f2-a5c9-d2f930e5baa1-1024x1024.jpg 1024w, https:\/\/oasisfm935.com.ar\/site\/wp-content\/uploads\/2020\/08\/47806202-8741-49f2-a5c9-d2f930e5baa1-150x150.jpg 150w, https:\/\/oasisfm935.com.ar\/site\/wp-content\/uploads\/2020\/08\/47806202-8741-49f2-a5c9-d2f930e5baa1-768x768.jpg 768w\" sizes=\"(max-width: 1080px) 100vw, 1080px\" class=\"no-lazyload\" width=\"1080\" height=\"1080\"  style=\"display: inline-block;\" \/><\/div>","protected":false},"excerpt":{"rendered":"<p>Los diputados Valeria Luj\u00e1n y Oscar Zanoli\u00a0presentaron hoy un proyecto de Ley que tiene por objetivo\u00a0promover el desarrollo de sistemas de producci\u00f3n<\/p>\n","protected":false},"author":4,"featured_media":6190,"comment_status":"closed","ping_status":"open","sticky":false,"template":"","format":"standard","meta":{"colormag_page_layout":"default_layout","footnotes":""},"categories":[2],"tags":[],"class_list":["post-6189","post","type-post","status-publish","format-standard","has-post-thumbnail","hentry","category-noticias"],"_links":{"self":[{"href":"https:\/\/oasisfm935.com.ar\/site\/wp-json\/wp\/v2\/posts\/6189","targetHints":{"allow":["GET"]}}],"collection":[{"href":"https:\/\/oasisfm935.com.ar\/site\/wp-json\/wp\/v2\/posts"}],"about":[{"href":"https:\/\/oasisfm935.com.ar\/site\/wp-json\/wp\/v2\/types\/post"}],"author":[{"embeddable":true,"href":"https:\/\/oasisfm935.com.ar\/site\/wp-json\/wp\/v2\/users\/4"}],"replies":[{"embeddable":true,"href":"https:\/\/oasisfm935.com.ar\/site\/wp-json\/wp\/v2\/comments?post=6189"}],"version-history":[{"count":3,"href":"https:\/\/oasisfm935.com.ar\/site\/wp-json\/wp\/v2\/posts\/6189\/revisions"}],"predecessor-version":[{"id":6193,"href":"https:\/\/oasisfm935.com.ar\/site\/wp-json\/wp\/v2\/posts\/6189\/revisions\/6193"}],"wp:featuredmedia":[{"embeddable":true,"href":"https:\/\/oasisfm935.com.ar\/site\/wp-json\/wp\/v2\/media\/6190"}],"wp:attachment":[{"href":"https:\/\/oasisfm935.com.ar\/site\/wp-json\/wp\/v2\/media?parent=6189"}],"wp:term":[{"taxonomy":"category","embeddable":true,"href":"https:\/\/oasisfm935.com.ar\/site\/wp-json\/wp\/v2\/categories?post=6189"},{"taxonomy":"post_tag","embeddable":true,"href":"https:\/\/oasisfm935.com.ar\/site\/wp-json\/wp\/v2\/tags?post=6189"}],"curies":[{"name":"wp","href":"https:\/\/api.w.org\/{rel}","templated":true}]}}