{"id":6198,"date":"2020-08-12T19:47:15","date_gmt":"2020-08-12T22:47:15","guid":{"rendered":"http:\/\/oasisfm935.com\/site\/?p=6198"},"modified":"2020-08-12T19:47:15","modified_gmt":"2020-08-12T22:47:15","slug":"la-pampa-autorizo-la-circulacion-entre-localidades-para-actividades-economicas","status":"publish","type":"post","link":"https:\/\/oasisfm935.com.ar\/site\/la-pampa-autorizo-la-circulacion-entre-localidades-para-actividades-economicas\/","title":{"rendered":"La Pampa autoriz\u00f3 la circulaci\u00f3n entre localidades para actividades econ\u00f3micas"},"content":{"rendered":"<p>El gobernador Sergio Ziliotto autoriz\u00f3 la circulaci\u00f3n solo para\u00a0<strong>actividades econ\u00f3micas, personal de salud y el transporte interurbano de pasajeros<\/strong>.<\/p>\n<p>El Gobierno Provincial dio a conocer que la decisi\u00f3n se tom\u00f3 en el marco del Comit\u00e9 de Crisis para \u00abpermitir el mayor desarrollo de las actividades econ\u00f3micas sin perder de vista el cuidado de la salud\u00bb.<\/p>\n<p><strong>La medida entrar\u00e1\u00a0 en vigencia este jueves 13 de agosto<\/strong>\u00a0y el decreto que la implementa ser\u00e1 publicado hoy en el Bolet\u00edn Oficial.<\/p>\n<p>El decreto que regula la apertura habilita a transitar a \u201clas personas entre distintas localidades \u00fanicamente de lunes a s\u00e1bados, excepto los feriados,\u00a0 en el horario de 07:00 horas a 21:00 horas a los fines del desarrollo de actividades econ\u00f3micas habilitadas y atenci\u00f3n de la salud.\u201d<\/p>\n<p>A p\u00e1rrafo seguido se deja en claro que las actividades y\/o servicios declarados esenciales se continuar\u00e1n desarrollando \u2013en cuanto a la circulaci\u00f3n- de la forma y modo previstos.<\/p>\n<p>En el art\u00edculo 2\u00b0 del decreto se establece que las personas habilitadas para el tr\u00e1nsito interurbano no deber\u00e1n tramitar el permiso de circulaci\u00f3n que los habilite a esos fines.<\/p>\n<p>Cabe destacar que la decisi\u00f3n de habilitar el tr\u00e1nsito interurbano va en consonancia con la decisi\u00f3n del mandatario pampeano de ir habilitando progresivamente las actividades econ\u00f3micas, siempre anteponiendo el an\u00e1lisis de la situaci\u00f3n\u00a0 epidemiol\u00f3gica provincial a cualquier decisi\u00f3n.<\/p>\n<p>Resaltaron que todas personas comprendidas en los alcances de este decreto est\u00e1n obligadas a cumplir los protocolos vigentes \u201cy se les recomienda actuar con la mayor responsabilidad social para evitar la diseminaci\u00f3n\u00a0 del COVID-19\u00a0 y as\u00ed contribuir solidariamente en el cuidado de la salud de todos los pampeanos\u201d.<\/p>\n<div class=\"oasis-despues-del-contenido\" id=\"oasis-132464394\"><img loading=\"lazy\" decoding=\"async\" src=\"https:\/\/oasisfm935.com.ar\/site\/wp-content\/uploads\/2020\/08\/47806202-8741-49f2-a5c9-d2f930e5baa1.jpg\" alt=\"\"  srcset=\"https:\/\/oasisfm935.com.ar\/site\/wp-content\/uploads\/2020\/08\/47806202-8741-49f2-a5c9-d2f930e5baa1.jpg 1080w, https:\/\/oasisfm935.com.ar\/site\/wp-content\/uploads\/2020\/08\/47806202-8741-49f2-a5c9-d2f930e5baa1-300x300.jpg 300w, https:\/\/oasisfm935.com.ar\/site\/wp-content\/uploads\/2020\/08\/47806202-8741-49f2-a5c9-d2f930e5baa1-1024x1024.jpg 1024w, https:\/\/oasisfm935.com.ar\/site\/wp-content\/uploads\/2020\/08\/47806202-8741-49f2-a5c9-d2f930e5baa1-150x150.jpg 150w, https:\/\/oasisfm935.com.ar\/site\/wp-content\/uploads\/2020\/08\/47806202-8741-49f2-a5c9-d2f930e5baa1-768x768.jpg 768w\" sizes=\"(max-width: 1080px) 100vw, 1080px\" class=\"no-lazyload\" width=\"1080\" height=\"1080\"  style=\"display: inline-block;\" \/><\/div>","protected":false},"excerpt":{"rendered":"<p>El gobernador Sergio Ziliotto autoriz\u00f3 la circulaci\u00f3n solo para\u00a0actividades econ\u00f3micas, personal de salud y el transporte interurbano de pasajeros. El Gobierno Provincial<\/p>\n","protected":false},"author":4,"featured_media":6199,"comment_status":"closed","ping_status":"open","sticky":false,"template":"","format":"standard","meta":{"colormag_page_layout":"default_layout","footnotes":""},"categories":[2],"tags":[],"class_list":["post-6198","post","type-post","status-publish","format-standard","has-post-thumbnail","hentry","category-noticias"],"_links":{"self":[{"href":"https:\/\/oasisfm935.com.ar\/site\/wp-json\/wp\/v2\/posts\/6198","targetHints":{"allow":["GET"]}}],"collection":[{"href":"https:\/\/oasisfm935.com.ar\/site\/wp-json\/wp\/v2\/posts"}],"about":[{"href":"https:\/\/oasisfm935.com.ar\/site\/wp-json\/wp\/v2\/types\/post"}],"author":[{"embeddable":true,"href":"https:\/\/oasisfm935.com.ar\/site\/wp-json\/wp\/v2\/users\/4"}],"replies":[{"embeddable":true,"href":"https:\/\/oasisfm935.com.ar\/site\/wp-json\/wp\/v2\/comments?post=6198"}],"version-history":[{"count":1,"href":"https:\/\/oasisfm935.com.ar\/site\/wp-json\/wp\/v2\/posts\/6198\/revisions"}],"predecessor-version":[{"id":6200,"href":"https:\/\/oasisfm935.com.ar\/site\/wp-json\/wp\/v2\/posts\/6198\/revisions\/6200"}],"wp:featuredmedia":[{"embeddable":true,"href":"https:\/\/oasisfm935.com.ar\/site\/wp-json\/wp\/v2\/media\/6199"}],"wp:attachment":[{"href":"https:\/\/oasisfm935.com.ar\/site\/wp-json\/wp\/v2\/media?parent=6198"}],"wp:term":[{"taxonomy":"category","embeddable":true,"href":"https:\/\/oasisfm935.com.ar\/site\/wp-json\/wp\/v2\/categories?post=6198"},{"taxonomy":"post_tag","embeddable":true,"href":"https:\/\/oasisfm935.com.ar\/site\/wp-json\/wp\/v2\/tags?post=6198"}],"curies":[{"name":"wp","href":"https:\/\/api.w.org\/{rel}","templated":true}]}}