{"id":6202,"date":"2020-08-12T20:02:27","date_gmt":"2020-08-12T23:02:27","guid":{"rendered":"http:\/\/oasisfm935.com\/site\/?p=6202"},"modified":"2020-08-12T20:04:59","modified_gmt":"2020-08-12T23:04:59","slug":"la-pampa-covid-19-sale-de-respirador-paciente-que-se-encontraba-en-terapia-intensiva","status":"publish","type":"post","link":"https:\/\/oasisfm935.com.ar\/site\/la-pampa-covid-19-sale-de-respirador-paciente-que-se-encontraba-en-terapia-intensiva\/","title":{"rendered":"LA Pampa COVID-19: sale de respirador paciente que se encontraba en terapia intensiva."},"content":{"rendered":"<p>El Ministerio de Salud informa que uno de los pacientes confirmados para COVID-19, que se encontraba internado en terapia intensiva se encuentra evolucionando favorablemente.<\/p>\n<p>El paciente de 41 a\u00f1os que hace m\u00e1s de 10 d\u00edas se encontraba internado en la Unidad de Terapia Intensiva, despu\u00e9s de 24 horas de observaci\u00f3n, sin respirador (extubado) y con una favorable evoluci\u00f3n cl\u00ednica, pas\u00f3 a la sala de Internaci\u00f3n de Cl\u00ednica M\u00e9dica del Centro de Enfermedades de Asistencia Respiratoria.<\/p>\n<p>Al d\u00eda de la fecha en la provincia de la Pampa se encuentran internadas un total de 5 personas confirmadas para COVID-19. \u00a0En General Pico 3 personas en el Hospital Gobernador Centeno, de las cuales 2 permanecen con estado moderado y 1 persona en estado grave (estable) con pron\u00f3stico reservado. En el Centro Emergente de Asistencia Respiratoria de Santa Rosa, se encuentra internada 1 persona en terapia intensiva con estado grave (estable), y 1 en cl\u00ednica m\u00e9dica.<\/p>\n<p><strong>Situaci\u00f3n provincial<\/strong><\/p>\n<p>En la provincia de La Pampa, en el d\u00eda de la fecha, las 23 muestras analizadas en el Laboratorio Central de la Direcci\u00f3n de Epidemiolog\u00eda y en el Hospital Gobernador Centeno de la localidad de General Pico, resultaron negativas para COVID-19. Hoy se han recuperado un total de 12 personas: 7 de General Pico, 3 de Santa Rosa, 1 de Macach\u00edn, 1 de General Acha.<\/p>\n<p>Desde el inicio de la pandemia en la Provincia se registraron un total 179 casos positivos para COVID-19, de los cuales 105 se han recuperado y 74 permanecen activos. Estos \u00faltimos est\u00e1n distribuidas de la siguiente manera: 30 en la ciudad de Santa Rosa, 13 en Catril\u00f3,16 en General Pico, 5 en Macach\u00edn, 3 en Embajador Martini, 1 en Santa Isabel, 2 en Toay, 1 en Guatrach\u00e9, 1 en Alta Italia y 2 en La Adela.<\/p>\n<p>Los contactos estrechos de los casos confirmados se encuentran cumpliendo aislamiento estricto, los mismos son monitoreados por personal de Salud.<\/p>\n<p><strong>Aclaraci\u00f3n sobre la carga de casos confirmados en el Reporte Nacional<\/strong><\/p>\n<p>Es importante aclarar que existe una diferencia de casos confirmados entre el Reporte Provincial y el Nacional ya que se asisten y notifican pacientes que viven en otras provincias que tienen domicilio legal (el que figura en el DNI) en la provincia de La Pampa.<\/p>\n<div class=\"oasis-despues-del-contenido\" id=\"oasis-2317631264\"><img loading=\"lazy\" decoding=\"async\" src=\"https:\/\/oasisfm935.com.ar\/site\/wp-content\/uploads\/2020\/08\/47806202-8741-49f2-a5c9-d2f930e5baa1.jpg\" alt=\"\"  srcset=\"https:\/\/oasisfm935.com.ar\/site\/wp-content\/uploads\/2020\/08\/47806202-8741-49f2-a5c9-d2f930e5baa1.jpg 1080w, https:\/\/oasisfm935.com.ar\/site\/wp-content\/uploads\/2020\/08\/47806202-8741-49f2-a5c9-d2f930e5baa1-300x300.jpg 300w, https:\/\/oasisfm935.com.ar\/site\/wp-content\/uploads\/2020\/08\/47806202-8741-49f2-a5c9-d2f930e5baa1-1024x1024.jpg 1024w, https:\/\/oasisfm935.com.ar\/site\/wp-content\/uploads\/2020\/08\/47806202-8741-49f2-a5c9-d2f930e5baa1-150x150.jpg 150w, https:\/\/oasisfm935.com.ar\/site\/wp-content\/uploads\/2020\/08\/47806202-8741-49f2-a5c9-d2f930e5baa1-768x768.jpg 768w\" sizes=\"(max-width: 1080px) 100vw, 1080px\" class=\"no-lazyload\" width=\"1080\" height=\"1080\"  style=\"display: inline-block;\" \/><\/div>","protected":false},"excerpt":{"rendered":"<p>El Ministerio de Salud informa que uno de los pacientes confirmados para COVID-19, que se encontraba internado en terapia intensiva se encuentra<\/p>\n","protected":false},"author":4,"featured_media":6203,"comment_status":"closed","ping_status":"open","sticky":false,"template":"","format":"standard","meta":{"colormag_page_layout":"default_layout","footnotes":""},"categories":[2],"tags":[],"class_list":["post-6202","post","type-post","status-publish","format-standard","has-post-thumbnail","hentry","category-noticias"],"_links":{"self":[{"href":"https:\/\/oasisfm935.com.ar\/site\/wp-json\/wp\/v2\/posts\/6202","targetHints":{"allow":["GET"]}}],"collection":[{"href":"https:\/\/oasisfm935.com.ar\/site\/wp-json\/wp\/v2\/posts"}],"about":[{"href":"https:\/\/oasisfm935.com.ar\/site\/wp-json\/wp\/v2\/types\/post"}],"author":[{"embeddable":true,"href":"https:\/\/oasisfm935.com.ar\/site\/wp-json\/wp\/v2\/users\/4"}],"replies":[{"embeddable":true,"href":"https:\/\/oasisfm935.com.ar\/site\/wp-json\/wp\/v2\/comments?post=6202"}],"version-history":[{"count":1,"href":"https:\/\/oasisfm935.com.ar\/site\/wp-json\/wp\/v2\/posts\/6202\/revisions"}],"predecessor-version":[{"id":6204,"href":"https:\/\/oasisfm935.com.ar\/site\/wp-json\/wp\/v2\/posts\/6202\/revisions\/6204"}],"wp:featuredmedia":[{"embeddable":true,"href":"https:\/\/oasisfm935.com.ar\/site\/wp-json\/wp\/v2\/media\/6203"}],"wp:attachment":[{"href":"https:\/\/oasisfm935.com.ar\/site\/wp-json\/wp\/v2\/media?parent=6202"}],"wp:term":[{"taxonomy":"category","embeddable":true,"href":"https:\/\/oasisfm935.com.ar\/site\/wp-json\/wp\/v2\/categories?post=6202"},{"taxonomy":"post_tag","embeddable":true,"href":"https:\/\/oasisfm935.com.ar\/site\/wp-json\/wp\/v2\/tags?post=6202"}],"curies":[{"name":"wp","href":"https:\/\/api.w.org\/{rel}","templated":true}]}}