{"id":6207,"date":"2020-08-12T20:15:25","date_gmt":"2020-08-12T23:15:25","guid":{"rendered":"http:\/\/oasisfm935.com\/site\/?p=6207"},"modified":"2020-08-12T22:50:05","modified_gmt":"2020-08-13T01:50:05","slug":"ingeniero-luggi-desmienten-que-la-jueza-de-faltas-violara-la-cuarentena","status":"publish","type":"post","link":"https:\/\/oasisfm935.com.ar\/site\/ingeniero-luggi-desmienten-que-la-jueza-de-faltas-violara-la-cuarentena\/","title":{"rendered":"Ingeniero Luggi: Desmienten que la Jueza de faltas violara la cuarentena."},"content":{"rendered":"<p>La exconcejala Lorena Martin Lorenzatti, sali\u00f3 a desmentir la publicaci\u00f3n que realiz\u00f3 el presidente del comit\u00e9 de la UCR de Toay, Mario Gonz\u00e1lez, que hab\u00eda afirmado junto con una foto que ella junto a la jueza de faltas de Ingeniero Luiggi y otras mujeres hab\u00edan violado el aislamiento. La Fotograf\u00eda era del a\u00f1o pasado.<\/p>\n<p>El titular del comit\u00e9 de la UCR de Toay, Mario Gonz\u00e1lez, denunci\u00f3 por la red social Facebook a la jueza de faltas de Ingeniero Luiggi, que ella hab\u00eda participado de un encuentro social el fin de semana para festejar un cumplea\u00f1os.<\/p>\n<p>Una de las mujeres que est\u00e1 en la foto y es qui\u00e9n festej\u00f3 el cumplea\u00f1os, sali\u00f3 a desmentir a Mario Gonz\u00e1lez, indicando que es una foto de recuerdo del a\u00f1o pasado.<\/p>\n<p>Lorena Martin Lorenzatti, le aclara que fue un hecho anterior y le comunica que \u201cpara desilusi\u00f3n suya lamento informarle que soy simpatizante y militante del mismo partido pol\u00edtico que UD y fui concejal en mi pueblo por el Radicalismo\u201d, agregando que \u201clamento que gente del partido pol\u00edtico que me representa se maneje con jugadas de tanta bajeza como esta\u201d.<\/p>\n<p>La carta que env\u00eda a Fm Oasis\u00a0 indica textualmente lo siguiente:<\/p>\n<p>Sr. Mario Gonz\u00e1lez, y p\u00fablico de este medio, antes que nada me presento, soy Lorena Martin Lorenzatti, quien tuvo la dicha de cumplir a\u00f1os el pasado s\u00e1bado. Y a ra\u00edz de un recuerdo publicado fui denunciada por supuesto incumplimiento al art 205 C.P<\/p>\n<p>Vengo a realizar descargo pertinente, atento a que alguien que pretende ser el due\u00f1o de la verdad, se ha servido robar una imagen privada ya que la misma nunca fue publicada en Facebook ni en Instagram y viralizarla, aduciendo que la misma pertenece a una fiesta o reuni\u00f3n del pasado s\u00e1bado.<\/p>\n<p>Serpa Ud. que el comentario que realiza a la fotograf\u00eda publicada, es un la mayor\u00eda de sus termino falso y malintencionado.<\/p>\n<p>Y para poner claros a este asunto voy a detallar mis verdades: 1ero. La fotograf\u00eda fue un recuerdo que me envi\u00f3 una amiga, y que compart\u00ed con mis contactos de WhatsApp ya que este a\u00f1o no hab\u00eda festejos y que el a\u00f1o anterior, no hubo m\u00e1s que esa foto porque mi familia atravesaba uno de los momentos m\u00e1s tristes que nos toc\u00f3 vivir y no compart\u00ed mas que ese momento con mis amigas que nadie public\u00f3 porque no era oportuno.<\/p>\n<p>2do. SR. Gonz\u00e1lez, para desilusi\u00f3n suya lamento informarle que soy simpatizante y militante del mismo partido pol\u00edtico que UD y fui concejal en mi pueblo por el Radicalismo. Mi padre fue convencional del Comit\u00e9 Provincial durante 20 a\u00f1os y fue elegido convencional constituyente por la UCR para la reforma constitucional de 1994, puesto que cedi\u00f3 en pos de respetar el cupo femenino. Sepa Ud. que lamento much\u00edsimo que su mezquindad pol\u00edtica haya expuesto a mi persona y a mis amigas a esta situaci\u00f3n, con el \u00fanico objetivo de ensuciar pol\u00edticamente a alguien.<\/p>\n<p>3ero. No poseo privilegios de ning\u00fan tipo, creo en la igualdad de derechos y de oportunidades. Todo lo que soy y lo que tengo lo he ganado con el esfuerzo y dignidad de mi trabajo y el de mi familia, la pol\u00edtica nunca me regal\u00f3 nada y jam\u00e1s lo pretender\u00eda, si hay algo que me permite caminar libremente por todos lados es mi dignidad y fuerza de trabajo y mis convicciones incorruptibles.<\/p>\n<p>4to. Si su preocupaci\u00f3n son los contagios de COVID -19, deber\u00eda saber que tanto la Juez de Faltas de mi Localidad, que es mi amiga personal, como yo y muchas personas m\u00e1s, no estamos inmunes a los contagios y aun as\u00ed no dejamos de trabajar por el bienestar ciudadano. Y no me refiero a levantar falsos comentarios sino a presentarme en per\u00edodo de aislamiento en la comisar\u00eda local para resolver cuestiones de urgencia de la ni\u00f1ez para quien trabajo en forma aut\u00f3noma. Porque sepa tambi\u00e9n Ud. que no soy empelada municipal, soy simplemente una trabajadora aut\u00f3noma que se desempe\u00f1a como asesora legal del equipo t\u00e9cnico de la Unidad Local de Ni\u00f1ez y adolescencia de mi localidad, pero como mi compromiso por el pr\u00f3jimo no es chiste, voy y sumo todo lo que puedo para ayudar a los dem\u00e1s sin mirar de que partido pol\u00edtico son. Lo invito, venga tranquilo y pregunte y corrobore mis dichos.<\/p>\n<p>Nobleza obliga resaltar que mi amiga en su rol de Juez de Faltas no tuvo por razones laborales d\u00eda alguno en que no se expusiera a los contagios del COVID -19, en forma personal va a colaborar en los controles, en forma personal y fuera del horario laboral se puso a disposici\u00f3n de la gente en todo momento. Asimismo, realiz\u00f3 los permisos esenciales para que los trabajadores pudieran ganarse el pan y sobrevivir dignamente a este aislamiento eterno. Sr. Gonz\u00e1lez que pena que de esos momentos nadie viraliz\u00f3 las fotos, entiendo esto no suma pol\u00edticamente ni mucho menos es publicidad para la tribuna.<\/p>\n<p>Dem\u00e1s esta decir que lamento que sus informantes y quien me rob\u00f3 la foto, se base en suposiciones y no en hechos reales, asimismo lamento que gente del partido pol\u00edtico que me representa se maneje con jugadas de tanta bajeza como esta, sin corroborar la informaci\u00f3n antes de publicarla. Nos pens\u00e9 m\u00e1s serios.<\/p>\n<p>Sin m\u00e1s saludo atte.<\/p>\n<div class=\"oasis-despues-del-contenido\" id=\"oasis-2781123685\"><img loading=\"lazy\" decoding=\"async\" src=\"https:\/\/oasisfm935.com.ar\/site\/wp-content\/uploads\/2020\/08\/47806202-8741-49f2-a5c9-d2f930e5baa1.jpg\" alt=\"\"  srcset=\"https:\/\/oasisfm935.com.ar\/site\/wp-content\/uploads\/2020\/08\/47806202-8741-49f2-a5c9-d2f930e5baa1.jpg 1080w, https:\/\/oasisfm935.com.ar\/site\/wp-content\/uploads\/2020\/08\/47806202-8741-49f2-a5c9-d2f930e5baa1-300x300.jpg 300w, https:\/\/oasisfm935.com.ar\/site\/wp-content\/uploads\/2020\/08\/47806202-8741-49f2-a5c9-d2f930e5baa1-1024x1024.jpg 1024w, https:\/\/oasisfm935.com.ar\/site\/wp-content\/uploads\/2020\/08\/47806202-8741-49f2-a5c9-d2f930e5baa1-150x150.jpg 150w, https:\/\/oasisfm935.com.ar\/site\/wp-content\/uploads\/2020\/08\/47806202-8741-49f2-a5c9-d2f930e5baa1-768x768.jpg 768w\" sizes=\"(max-width: 1080px) 100vw, 1080px\" class=\"no-lazyload\" width=\"1080\" height=\"1080\"  style=\"display: inline-block;\" \/><\/div>","protected":false},"excerpt":{"rendered":"<p>La exconcejala Lorena Martin Lorenzatti, sali\u00f3 a desmentir la publicaci\u00f3n que realiz\u00f3 el presidente del comit\u00e9 de la UCR de Toay, Mario<\/p>\n","protected":false},"author":4,"featured_media":6208,"comment_status":"closed","ping_status":"open","sticky":false,"template":"","format":"standard","meta":{"colormag_page_layout":"default_layout","footnotes":""},"categories":[2],"tags":[],"class_list":["post-6207","post","type-post","status-publish","format-standard","has-post-thumbnail","hentry","category-noticias"],"_links":{"self":[{"href":"https:\/\/oasisfm935.com.ar\/site\/wp-json\/wp\/v2\/posts\/6207","targetHints":{"allow":["GET"]}}],"collection":[{"href":"https:\/\/oasisfm935.com.ar\/site\/wp-json\/wp\/v2\/posts"}],"about":[{"href":"https:\/\/oasisfm935.com.ar\/site\/wp-json\/wp\/v2\/types\/post"}],"author":[{"embeddable":true,"href":"https:\/\/oasisfm935.com.ar\/site\/wp-json\/wp\/v2\/users\/4"}],"replies":[{"embeddable":true,"href":"https:\/\/oasisfm935.com.ar\/site\/wp-json\/wp\/v2\/comments?post=6207"}],"version-history":[{"count":7,"href":"https:\/\/oasisfm935.com.ar\/site\/wp-json\/wp\/v2\/posts\/6207\/revisions"}],"predecessor-version":[{"id":6218,"href":"https:\/\/oasisfm935.com.ar\/site\/wp-json\/wp\/v2\/posts\/6207\/revisions\/6218"}],"wp:featuredmedia":[{"embeddable":true,"href":"https:\/\/oasisfm935.com.ar\/site\/wp-json\/wp\/v2\/media\/6208"}],"wp:attachment":[{"href":"https:\/\/oasisfm935.com.ar\/site\/wp-json\/wp\/v2\/media?parent=6207"}],"wp:term":[{"taxonomy":"category","embeddable":true,"href":"https:\/\/oasisfm935.com.ar\/site\/wp-json\/wp\/v2\/categories?post=6207"},{"taxonomy":"post_tag","embeddable":true,"href":"https:\/\/oasisfm935.com.ar\/site\/wp-json\/wp\/v2\/tags?post=6207"}],"curies":[{"name":"wp","href":"https:\/\/api.w.org\/{rel}","templated":true}]}}