{"id":6214,"date":"2020-08-12T20:22:33","date_gmt":"2020-08-12T23:22:33","guid":{"rendered":"http:\/\/oasisfm935.com\/site\/?p=6214"},"modified":"2020-08-12T20:22:33","modified_gmt":"2020-08-12T23:22:33","slug":"ingeniero-luiggi-descargo-de-la-jueza-de-faltas-noelia-telleria","status":"publish","type":"post","link":"https:\/\/oasisfm935.com.ar\/site\/ingeniero-luiggi-descargo-de-la-jueza-de-faltas-noelia-telleria\/","title":{"rendered":"Ingeniero Luiggi: Descargo de la Jueza de Faltas Noelia Telleria."},"content":{"rendered":"<p><strong>En comunicaci\u00f3n con Fm Oasis Noelia Telleria Jueza de falta local se refiri\u00f3 a las acusaciones a la violaci\u00f3n de la cuarentena.\u00a0 \u00a0<\/strong><\/p>\n<p>En atenci\u00f3n a la inexacta y falaz acusaci\u00f3n de la presunta violaci\u00f3n a la prohibici\u00f3n de llevar reuniones sociales o familiares, me veo lamentablemente en el deber moral y \u00e9tico de explicar y dar cuenta de la realidad relacionada con una publicaci\u00f3n.<\/p>\n<p>La misma es simolentbe una imagen que no s\u00e9 condice con el a\u00f1o en curso, sino en agosto de 2.019.<\/p>\n<p>Por todo ello y entendiendo la sensibilidad y falta de responsabilidad social de muchas personas, no me parece justo que se precipite un pre juzgamiento digno de la inquisici\u00f3n.<\/p>\n<p>Ahora bien, dando por concluido y aclarado el injusto cuestionamiento, apelo no solo a continuar con la responsabilidad social que nos compete a todos, sino tambi\u00e9n a interiorizarse e investigar, o por lo menos consultar antes de dar por hecho algo que lejos est\u00e1 de ser lo que sugestivamente alg\u00fan o alguna malintencionado\/a dio como verdad absoluta.<\/p>\n<div class=\"oasis-despues-del-contenido\" id=\"oasis-3785585331\"><img loading=\"lazy\" decoding=\"async\" src=\"https:\/\/oasisfm935.com.ar\/site\/wp-content\/uploads\/2020\/08\/47806202-8741-49f2-a5c9-d2f930e5baa1.jpg\" alt=\"\"  srcset=\"https:\/\/oasisfm935.com.ar\/site\/wp-content\/uploads\/2020\/08\/47806202-8741-49f2-a5c9-d2f930e5baa1.jpg 1080w, https:\/\/oasisfm935.com.ar\/site\/wp-content\/uploads\/2020\/08\/47806202-8741-49f2-a5c9-d2f930e5baa1-300x300.jpg 300w, https:\/\/oasisfm935.com.ar\/site\/wp-content\/uploads\/2020\/08\/47806202-8741-49f2-a5c9-d2f930e5baa1-1024x1024.jpg 1024w, https:\/\/oasisfm935.com.ar\/site\/wp-content\/uploads\/2020\/08\/47806202-8741-49f2-a5c9-d2f930e5baa1-150x150.jpg 150w, https:\/\/oasisfm935.com.ar\/site\/wp-content\/uploads\/2020\/08\/47806202-8741-49f2-a5c9-d2f930e5baa1-768x768.jpg 768w\" sizes=\"(max-width: 1080px) 100vw, 1080px\" class=\"no-lazyload\" width=\"1080\" height=\"1080\"  style=\"display: inline-block;\" \/><\/div>","protected":false},"excerpt":{"rendered":"<p>En comunicaci\u00f3n con Fm Oasis Noelia Telleria Jueza de falta local se refiri\u00f3 a las acusaciones a la violaci\u00f3n de la cuarentena.\u00a0<\/p>\n","protected":false},"author":4,"featured_media":6215,"comment_status":"closed","ping_status":"open","sticky":false,"template":"","format":"standard","meta":{"colormag_page_layout":"default_layout","footnotes":""},"categories":[2],"tags":[],"class_list":["post-6214","post","type-post","status-publish","format-standard","has-post-thumbnail","hentry","category-noticias"],"_links":{"self":[{"href":"https:\/\/oasisfm935.com.ar\/site\/wp-json\/wp\/v2\/posts\/6214","targetHints":{"allow":["GET"]}}],"collection":[{"href":"https:\/\/oasisfm935.com.ar\/site\/wp-json\/wp\/v2\/posts"}],"about":[{"href":"https:\/\/oasisfm935.com.ar\/site\/wp-json\/wp\/v2\/types\/post"}],"author":[{"embeddable":true,"href":"https:\/\/oasisfm935.com.ar\/site\/wp-json\/wp\/v2\/users\/4"}],"replies":[{"embeddable":true,"href":"https:\/\/oasisfm935.com.ar\/site\/wp-json\/wp\/v2\/comments?post=6214"}],"version-history":[{"count":1,"href":"https:\/\/oasisfm935.com.ar\/site\/wp-json\/wp\/v2\/posts\/6214\/revisions"}],"predecessor-version":[{"id":6216,"href":"https:\/\/oasisfm935.com.ar\/site\/wp-json\/wp\/v2\/posts\/6214\/revisions\/6216"}],"wp:featuredmedia":[{"embeddable":true,"href":"https:\/\/oasisfm935.com.ar\/site\/wp-json\/wp\/v2\/media\/6215"}],"wp:attachment":[{"href":"https:\/\/oasisfm935.com.ar\/site\/wp-json\/wp\/v2\/media?parent=6214"}],"wp:term":[{"taxonomy":"category","embeddable":true,"href":"https:\/\/oasisfm935.com.ar\/site\/wp-json\/wp\/v2\/categories?post=6214"},{"taxonomy":"post_tag","embeddable":true,"href":"https:\/\/oasisfm935.com.ar\/site\/wp-json\/wp\/v2\/tags?post=6214"}],"curies":[{"name":"wp","href":"https:\/\/api.w.org\/{rel}","templated":true}]}}