{"id":6219,"date":"2020-08-13T09:44:56","date_gmt":"2020-08-13T12:44:56","guid":{"rendered":"http:\/\/oasisfm935.com\/site\/?p=6219"},"modified":"2020-08-13T11:47:11","modified_gmt":"2020-08-13T14:47:11","slug":"se-viene-un-festejo-diferente-en-el-dia-del-nino-en-ing-luiggi","status":"publish","type":"post","link":"https:\/\/oasisfm935.com.ar\/site\/se-viene-un-festejo-diferente-en-el-dia-del-nino-en-ing-luiggi\/","title":{"rendered":"Se viene un festejo diferente en el d\u00eda del ni\u00f1o en Ing. Luiggi."},"content":{"rendered":"<p>La Secretar\u00eda de Relaciones Institucionales del Gobierno local planific\u00f3 diferentes\u00a0 actividades articuladas con otras \u00e1reas en el marco del Mes de la Ni\u00f1ez, adecu\u00e1ndolas al contexto epidemiol\u00f3gico actual.<\/p>\n<p>Ante ello, Zonal Noticias se comunic\u00f3 con los organizadores, quienes dieron detalles sobre las diferentes propuestas a desarrollar en el mes del ni\u00f1o ante la restricci\u00f3n de festejos p\u00fablicos para evitar aglomeraciones ante la pandemia Covid19.<\/p>\n<p><img decoding=\"async\" src=\"https:\/\/zonalnoticias.com\/wp-content\/uploads\/2020\/08\/cultura-protocolo-relaciona-institucionales-luiggi.jpg\" \/><\/p>\n<p>Algunas\u00a0<strong>propuestas<\/strong>\u00a0previstas son:<\/p>\n<ul>\n<li><strong>Participaci\u00f3n de los\/as ni\u00f1os\/as a trav\u00e9s de videos\/ fotos\/ tik tok<\/strong>, y dibujos compartidos en la P\u00e1gina del Gobierno local y registrados para un\u00a0<strong>sorteo<\/strong>\u00a0que se realizar\u00e1 el pr\u00f3ximo S\u00e1bado 15 de agosto al mediod\u00eda. \u00c9ste ser\u00e1 realizado en una plataforma virtual y transmitida simult\u00e1neamente en la P\u00e1gina oficial, y por FM Oasis. Los premios fueron adquiridos por aportes de diferentes funcionarios, empresas comerciales de la localidad a quienes agradecemos su colaboraci\u00f3n.<\/li>\n<\/ul>\n<ul>\n<li>A<strong>rchivo de fotos<\/strong>\u00a0recopilados por la Secretar\u00eda Cultura sobre antecedentes de diferentes festejos en nuestra localidad a lo largo de la historia. Se difundir\u00e1 en la P\u00e1gina del Gobierno Local el pr\u00f3ximo Domingo 16\/08.<\/li>\n<\/ul>\n<ul>\n<li><strong>Jornada Comunitaria<\/strong>\u00a0en la que se repartir\u00e1 a los\/as ni\u00f1os\/as de todo el pueblo sorpresitas. Ser\u00e1 una actividad que se desarrollar\u00e1 en el Marco del Programa TU MUNICIPIO M\u00c1S CERCA. Y se llevar\u00e1 a cabo cuando se flexibilice la circulaci\u00f3n en el Ejido Urbano.<\/li>\n<\/ul>\n<ul>\n<li><strong>Charlas, Podcast y entrevistas\u00a0<\/strong>con distintos profesionales en nuestras redes sociales sobre temas inherentes a la Ni\u00f1ez para visibilizar sus derechos.<\/li>\n<\/ul>\n<ul>\n<li><strong>Pintada alusiva<\/strong>\u00a0por el Mes de la Ni\u00f1ez fecha a definir.<\/li>\n<\/ul>\n<p>Los obsequios a sortear se encuentran exhibidos en el Hall de entrada del Centro Cultural Municipal.<\/p>\n<p><img decoding=\"async\" src=\"https:\/\/zonalnoticias.com\/wp-content\/uploads\/2020\/08\/REGALOS-DIA-DEL-NI%C3%91O-LUIGGI-2.jpg\" \/><\/p>\n<p>\u201c<strong>Recordemos que el sorteo se realizar\u00e1 este S\u00e1bado 15 de agosto al mediod\u00eda por medio de una plataforma virtual y transmitida simult\u00e1neamente en la P\u00e1gina oficial \u201cGobierno de Ingeniero Luiggi\u201d y por \u201cFM Oasis 93.5<\/strong>\u201d manifestaron Secretar\u00eda de Relaciones Institucionales del Gobierno local a Zonal Noticias.<\/p>\n<p><img decoding=\"async\" src=\"https:\/\/zonalnoticias.com\/wp-content\/uploads\/2020\/08\/REGALOS-DIA-DEL-NI%C3%91O-LUIGGI-1.jpg\" \/><\/p>\n<div class=\"oasis-despues-del-contenido\" id=\"oasis-3651593029\"><img loading=\"lazy\" decoding=\"async\" src=\"https:\/\/oasisfm935.com.ar\/site\/wp-content\/uploads\/2020\/08\/47806202-8741-49f2-a5c9-d2f930e5baa1.jpg\" alt=\"\"  srcset=\"https:\/\/oasisfm935.com.ar\/site\/wp-content\/uploads\/2020\/08\/47806202-8741-49f2-a5c9-d2f930e5baa1.jpg 1080w, https:\/\/oasisfm935.com.ar\/site\/wp-content\/uploads\/2020\/08\/47806202-8741-49f2-a5c9-d2f930e5baa1-300x300.jpg 300w, https:\/\/oasisfm935.com.ar\/site\/wp-content\/uploads\/2020\/08\/47806202-8741-49f2-a5c9-d2f930e5baa1-1024x1024.jpg 1024w, https:\/\/oasisfm935.com.ar\/site\/wp-content\/uploads\/2020\/08\/47806202-8741-49f2-a5c9-d2f930e5baa1-150x150.jpg 150w, https:\/\/oasisfm935.com.ar\/site\/wp-content\/uploads\/2020\/08\/47806202-8741-49f2-a5c9-d2f930e5baa1-768x768.jpg 768w\" sizes=\"(max-width: 1080px) 100vw, 1080px\" class=\"no-lazyload\" width=\"1080\" height=\"1080\"  style=\"display: inline-block;\" \/><\/div>","protected":false},"excerpt":{"rendered":"<p>La Secretar\u00eda de Relaciones Institucionales del Gobierno local planific\u00f3 diferentes\u00a0 actividades articuladas con otras \u00e1reas en el marco del Mes de la<\/p>\n","protected":false},"author":4,"featured_media":6221,"comment_status":"closed","ping_status":"open","sticky":false,"template":"","format":"standard","meta":{"colormag_page_layout":"default_layout","footnotes":""},"categories":[2],"tags":[],"class_list":["post-6219","post","type-post","status-publish","format-standard","has-post-thumbnail","hentry","category-noticias"],"_links":{"self":[{"href":"https:\/\/oasisfm935.com.ar\/site\/wp-json\/wp\/v2\/posts\/6219","targetHints":{"allow":["GET"]}}],"collection":[{"href":"https:\/\/oasisfm935.com.ar\/site\/wp-json\/wp\/v2\/posts"}],"about":[{"href":"https:\/\/oasisfm935.com.ar\/site\/wp-json\/wp\/v2\/types\/post"}],"author":[{"embeddable":true,"href":"https:\/\/oasisfm935.com.ar\/site\/wp-json\/wp\/v2\/users\/4"}],"replies":[{"embeddable":true,"href":"https:\/\/oasisfm935.com.ar\/site\/wp-json\/wp\/v2\/comments?post=6219"}],"version-history":[{"count":1,"href":"https:\/\/oasisfm935.com.ar\/site\/wp-json\/wp\/v2\/posts\/6219\/revisions"}],"predecessor-version":[{"id":6220,"href":"https:\/\/oasisfm935.com.ar\/site\/wp-json\/wp\/v2\/posts\/6219\/revisions\/6220"}],"wp:featuredmedia":[{"embeddable":true,"href":"https:\/\/oasisfm935.com.ar\/site\/wp-json\/wp\/v2\/media\/6221"}],"wp:attachment":[{"href":"https:\/\/oasisfm935.com.ar\/site\/wp-json\/wp\/v2\/media?parent=6219"}],"wp:term":[{"taxonomy":"category","embeddable":true,"href":"https:\/\/oasisfm935.com.ar\/site\/wp-json\/wp\/v2\/categories?post=6219"},{"taxonomy":"post_tag","embeddable":true,"href":"https:\/\/oasisfm935.com.ar\/site\/wp-json\/wp\/v2\/tags?post=6219"}],"curies":[{"name":"wp","href":"https:\/\/api.w.org\/{rel}","templated":true}]}}