{"id":6235,"date":"2020-08-13T22:54:12","date_gmt":"2020-08-14T01:54:12","guid":{"rendered":"http:\/\/oasisfm935.com\/site\/?p=6235"},"modified":"2020-08-14T08:31:59","modified_gmt":"2020-08-14T11:31:59","slug":"ingeniero-luiggi-allanamientos-y-secuestro-de-celulares","status":"publish","type":"post","link":"https:\/\/oasisfm935.com.ar\/site\/ingeniero-luiggi-allanamientos-y-secuestro-de-celulares\/","title":{"rendered":"Ingeniero Luiggi: Allanamientos y secuestro de celulares."},"content":{"rendered":"<p>El fiscal Ag\u00fcero reconoci\u00f3 en cuanto a la investigaci\u00f3n que, este jueves, se realizaron una serie de allanamientos en diferentes domicilios de la localidad. \u201cQuiero aclarar que la investigaci\u00f3n no tiene nada que ver con la decisi\u00f3n que tom\u00f3 la ciudadana Noelia Teller\u00eda de renunciar a su funci\u00f3n\u201d, arranc\u00f3 respondiendo el funcionario judicial.<\/p>\n<p><strong>Ag\u00fcero habl\u00f3 de los allanamientos<\/strong><\/p>\n<p>En di\u00e1logo con nuestro medio, el fiscal general record\u00f3 que \u201ctodo naci\u00f3 como tantas denuncias que hemos recibido sobre violaci\u00f3n de cuarentena. En este caso, lleg\u00f3 a conocimiento de la polic\u00eda de Luiggi una publicaci\u00f3n en redes sociales de un cumplea\u00f1os donde aparecen fotografiadas siete mujeres en una reuni\u00f3n de cumplea\u00f1os. Se identifica el domicilio de los anfitriones, y al matrimonio que habita esa vivienda\u201d, explic\u00f3 el magistrado.<\/p>\n<p><span id=\"saysCMSEmphasistah8svfrgrj\" class=\"saysCMSEmphasis\">\u201cIndependiente de eso, como hay una denuncia de una reuni\u00f3n social realizada en horas de la tarde del s\u00e1bado pasado, se fueron notificando a las siete femeninas que aparecen en la toma gr\u00e1fica que tiene en su poder la polic\u00eda\u201d, puntualiz\u00f3.<\/span><\/p>\n<p>\u201cLuego de la notificaci\u00f3n dispusimos medias judiciales que se aplicaron esta tarde (por la del jueves) secuestrando los celulares de las que han quedado imputadas en esta causa penal que se investiga\u201d, dijo Ag\u00fcero.<\/p>\n<p>En cuanto a la retenci\u00f3n de los aparatos, Ag\u00fcero lo justific\u00f3 como forma de sumar pruebas, \u201cya que del an\u00e1lisis de la telefon\u00eda se podr\u00e1n identificar redes sociales, mensajes y elementos de informaci\u00f3n que nos permitir\u00e1n conocer si precisamente existi\u00f3 o no esa reuni\u00f3n social y si la publicaci\u00f3n hecha coincide con el d\u00eda s\u00e1bado \u00faltimo, fecha en que la anfitriona del domicilio cumpli\u00f3 a\u00f1os\u201d, remarc\u00f3.<\/p>\n<p><strong>\u00bfDos meses sin celulares?<\/strong><\/p>\n<p>Puntualizando que, en total, fueron siete los celulares secuestrados correspondientes a cada una de las mujeres que est\u00e1n imputadas: \u201cTodo lo que se hace es para cumplir con la causa penal iniciada\u201d.<\/p>\n<p>\u201cDe aqu\u00ed en m\u00e1s se avanzar\u00e1 con el testimonio que puedan dar ellas en fiscal\u00eda, lo que se extraiga de los celulares\u201d, indic\u00f3.<\/p>\n<p><strong>Respecto a los tiempos que puede llevar la investigaci\u00f3n, Ag\u00fcero admiti\u00f3 sobre el secuestro de los aparatos telef\u00f3nicos que \u201clos peritajes regularmente tienen un plazo de dos meses aproximadamente, de acuerdo a los turnos que se dispon\u00edan y a informaci\u00f3n que se extraiga\u201d.<\/strong><\/p>\n<p>Al opinar el cronista que es un tiempo extenso, Ag\u00fcero enfatiz\u00f3: \u201cesto es una causa penal. En este caso las imputadas se quedar\u00e1n sin celular otros, en causas penales \u2013repiti\u00f3- se quedan sin la libertad\u201d, finaliz\u00f3.<\/p>\n<p>La reforma<\/p>\n<div class=\"oasis-despues-del-contenido\" id=\"oasis-442839556\"><img loading=\"lazy\" decoding=\"async\" src=\"https:\/\/oasisfm935.com.ar\/site\/wp-content\/uploads\/2020\/08\/47806202-8741-49f2-a5c9-d2f930e5baa1.jpg\" alt=\"\"  srcset=\"https:\/\/oasisfm935.com.ar\/site\/wp-content\/uploads\/2020\/08\/47806202-8741-49f2-a5c9-d2f930e5baa1.jpg 1080w, https:\/\/oasisfm935.com.ar\/site\/wp-content\/uploads\/2020\/08\/47806202-8741-49f2-a5c9-d2f930e5baa1-300x300.jpg 300w, https:\/\/oasisfm935.com.ar\/site\/wp-content\/uploads\/2020\/08\/47806202-8741-49f2-a5c9-d2f930e5baa1-1024x1024.jpg 1024w, https:\/\/oasisfm935.com.ar\/site\/wp-content\/uploads\/2020\/08\/47806202-8741-49f2-a5c9-d2f930e5baa1-150x150.jpg 150w, https:\/\/oasisfm935.com.ar\/site\/wp-content\/uploads\/2020\/08\/47806202-8741-49f2-a5c9-d2f930e5baa1-768x768.jpg 768w\" sizes=\"(max-width: 1080px) 100vw, 1080px\" class=\"no-lazyload\" width=\"1080\" height=\"1080\"  style=\"display: inline-block;\" \/><\/div>","protected":false},"excerpt":{"rendered":"<p>El fiscal Ag\u00fcero reconoci\u00f3 en cuanto a la investigaci\u00f3n que, este jueves, se realizaron una serie de allanamientos en diferentes domicilios de<\/p>\n","protected":false},"author":4,"featured_media":6239,"comment_status":"closed","ping_status":"open","sticky":false,"template":"","format":"standard","meta":{"colormag_page_layout":"default_layout","footnotes":""},"categories":[2],"tags":[],"class_list":["post-6235","post","type-post","status-publish","format-standard","has-post-thumbnail","hentry","category-noticias"],"_links":{"self":[{"href":"https:\/\/oasisfm935.com.ar\/site\/wp-json\/wp\/v2\/posts\/6235","targetHints":{"allow":["GET"]}}],"collection":[{"href":"https:\/\/oasisfm935.com.ar\/site\/wp-json\/wp\/v2\/posts"}],"about":[{"href":"https:\/\/oasisfm935.com.ar\/site\/wp-json\/wp\/v2\/types\/post"}],"author":[{"embeddable":true,"href":"https:\/\/oasisfm935.com.ar\/site\/wp-json\/wp\/v2\/users\/4"}],"replies":[{"embeddable":true,"href":"https:\/\/oasisfm935.com.ar\/site\/wp-json\/wp\/v2\/comments?post=6235"}],"version-history":[{"count":2,"href":"https:\/\/oasisfm935.com.ar\/site\/wp-json\/wp\/v2\/posts\/6235\/revisions"}],"predecessor-version":[{"id":6238,"href":"https:\/\/oasisfm935.com.ar\/site\/wp-json\/wp\/v2\/posts\/6235\/revisions\/6238"}],"wp:featuredmedia":[{"embeddable":true,"href":"https:\/\/oasisfm935.com.ar\/site\/wp-json\/wp\/v2\/media\/6239"}],"wp:attachment":[{"href":"https:\/\/oasisfm935.com.ar\/site\/wp-json\/wp\/v2\/media?parent=6235"}],"wp:term":[{"taxonomy":"category","embeddable":true,"href":"https:\/\/oasisfm935.com.ar\/site\/wp-json\/wp\/v2\/categories?post=6235"},{"taxonomy":"post_tag","embeddable":true,"href":"https:\/\/oasisfm935.com.ar\/site\/wp-json\/wp\/v2\/tags?post=6235"}],"curies":[{"name":"wp","href":"https:\/\/api.w.org\/{rel}","templated":true}]}}