{"id":6245,"date":"2020-08-14T18:12:16","date_gmt":"2020-08-14T21:12:16","guid":{"rendered":"http:\/\/oasisfm935.com\/site\/?p=6245"},"modified":"2020-08-14T18:12:16","modified_gmt":"2020-08-14T21:12:16","slug":"fiscal-hizo-diez-allanamientos-en-realico-por-un-encuentro-clandestino-del-positivo-de-covid","status":"publish","type":"post","link":"https:\/\/oasisfm935.com.ar\/site\/fiscal-hizo-diez-allanamientos-en-realico-por-un-encuentro-clandestino-del-positivo-de-covid\/","title":{"rendered":"Fiscal hizo diez allanamientos en Realic\u00f3 por un encuentro clandestino del positivo de covid"},"content":{"rendered":"<p>El fiscal general<strong>\u00a0Armando Ag\u00fcer<\/strong>o inform\u00f3 que en la ma\u00f1ana de este viernes coordin\u00f3\u00a0<strong>diez allanamientos<\/strong>\u00a0en viviendas de Realic\u00f3, a ra\u00edz de una<strong>\u00a0presunta reuni\u00f3n familiar que habr\u00eda organizado, en forma clandestina, el camionero que dio positivo de coronavirus<\/strong><\/p>\n<p>\u00abEn la ma\u00f1ana de hoy 10 allanamientos en Realic\u00f3 por contagios y encuentros prohibidos\u00bb, manifest\u00f3.<\/p>\n<p>En todos, entre otros elementos, los polic\u00edas secuestraron tel\u00e9fonos celulares: el objetivo es tratar de rastrear d\u00f3nde estuvieron los d\u00edas donde presuntamente se hicieron esos encuentros prohibidos.<\/p>\n<p>Ayer, el Ministerio de Salud detect\u00f3 a un camionero de Realic\u00f3 con covid-19. Se contagi\u00f3 en un viaje que hizo al norte del pa\u00eds.<\/p>\n<p>Por la tarde del jueves, el Gobierno hizo una presentaci\u00f3n judicial: es que\u00a0<strong>los contactos estrechos habr\u00edan participado, en la casa del transportista, de un encuentro social el domingo, pese a que est\u00e1 prohibido.<\/strong><\/p>\n<p>Hasta el mediod\u00eda de este viernes, seg\u00fan comunic\u00f3 Salud,\u00a0<strong>hay una decena de contactos estrechos del camionero que se encuentran aislados.<\/strong>\u00a0Tambi\u00e9n\u00a0<strong>26 contactos de contactos<\/strong>.<\/p>\n<p>Adem\u00e1s, desde la Direcci\u00f3n de Epidemiolog\u00eda y con autoridades sanitarias locales se implement\u00f3 el programa B\u00fasqueda Activa en Realic\u00f3. \u00abEl objetivo es detectar y bloquear eventuales casos no detectados\u00bb, comunic\u00f3.<\/p>\n<div class=\"oasis-despues-del-contenido\" id=\"oasis-3673743850\"><img loading=\"lazy\" decoding=\"async\" src=\"https:\/\/oasisfm935.com.ar\/site\/wp-content\/uploads\/2020\/08\/47806202-8741-49f2-a5c9-d2f930e5baa1.jpg\" alt=\"\"  srcset=\"https:\/\/oasisfm935.com.ar\/site\/wp-content\/uploads\/2020\/08\/47806202-8741-49f2-a5c9-d2f930e5baa1.jpg 1080w, https:\/\/oasisfm935.com.ar\/site\/wp-content\/uploads\/2020\/08\/47806202-8741-49f2-a5c9-d2f930e5baa1-300x300.jpg 300w, https:\/\/oasisfm935.com.ar\/site\/wp-content\/uploads\/2020\/08\/47806202-8741-49f2-a5c9-d2f930e5baa1-1024x1024.jpg 1024w, https:\/\/oasisfm935.com.ar\/site\/wp-content\/uploads\/2020\/08\/47806202-8741-49f2-a5c9-d2f930e5baa1-150x150.jpg 150w, https:\/\/oasisfm935.com.ar\/site\/wp-content\/uploads\/2020\/08\/47806202-8741-49f2-a5c9-d2f930e5baa1-768x768.jpg 768w\" sizes=\"(max-width: 1080px) 100vw, 1080px\" class=\"no-lazyload\" width=\"1080\" height=\"1080\"  style=\"display: inline-block;\" \/><\/div>","protected":false},"excerpt":{"rendered":"<p>El fiscal general\u00a0Armando Ag\u00fcero inform\u00f3 que en la ma\u00f1ana de este viernes coordin\u00f3\u00a0diez allanamientos\u00a0en viviendas de Realic\u00f3, a ra\u00edz de una\u00a0presunta reuni\u00f3n<\/p>\n","protected":false},"author":4,"featured_media":6247,"comment_status":"closed","ping_status":"open","sticky":false,"template":"","format":"standard","meta":{"colormag_page_layout":"default_layout","footnotes":""},"categories":[2],"tags":[],"class_list":["post-6245","post","type-post","status-publish","format-standard","has-post-thumbnail","hentry","category-noticias"],"_links":{"self":[{"href":"https:\/\/oasisfm935.com.ar\/site\/wp-json\/wp\/v2\/posts\/6245","targetHints":{"allow":["GET"]}}],"collection":[{"href":"https:\/\/oasisfm935.com.ar\/site\/wp-json\/wp\/v2\/posts"}],"about":[{"href":"https:\/\/oasisfm935.com.ar\/site\/wp-json\/wp\/v2\/types\/post"}],"author":[{"embeddable":true,"href":"https:\/\/oasisfm935.com.ar\/site\/wp-json\/wp\/v2\/users\/4"}],"replies":[{"embeddable":true,"href":"https:\/\/oasisfm935.com.ar\/site\/wp-json\/wp\/v2\/comments?post=6245"}],"version-history":[{"count":1,"href":"https:\/\/oasisfm935.com.ar\/site\/wp-json\/wp\/v2\/posts\/6245\/revisions"}],"predecessor-version":[{"id":6248,"href":"https:\/\/oasisfm935.com.ar\/site\/wp-json\/wp\/v2\/posts\/6245\/revisions\/6248"}],"wp:featuredmedia":[{"embeddable":true,"href":"https:\/\/oasisfm935.com.ar\/site\/wp-json\/wp\/v2\/media\/6247"}],"wp:attachment":[{"href":"https:\/\/oasisfm935.com.ar\/site\/wp-json\/wp\/v2\/media?parent=6245"}],"wp:term":[{"taxonomy":"category","embeddable":true,"href":"https:\/\/oasisfm935.com.ar\/site\/wp-json\/wp\/v2\/categories?post=6245"},{"taxonomy":"post_tag","embeddable":true,"href":"https:\/\/oasisfm935.com.ar\/site\/wp-json\/wp\/v2\/tags?post=6245"}],"curies":[{"name":"wp","href":"https:\/\/api.w.org\/{rel}","templated":true}]}}