{"id":6253,"date":"2020-08-14T19:34:16","date_gmt":"2020-08-14T22:34:16","guid":{"rendered":"http:\/\/oasisfm935.com\/site\/?p=6253"},"modified":"2020-08-14T19:34:16","modified_gmt":"2020-08-14T22:34:16","slug":"la-pampa-coronavirus-este-viernes-34-muestras-negativas-y-18-pampeanos-recuperados","status":"publish","type":"post","link":"https:\/\/oasisfm935.com.ar\/site\/la-pampa-coronavirus-este-viernes-34-muestras-negativas-y-18-pampeanos-recuperados\/","title":{"rendered":"La Pampa Coronavirus: este viernes, 34 muestras negativas y 18 pampeanos recuperados"},"content":{"rendered":"<p>El Gobierno de la Provincia inform\u00f3 que este viernes<strong>\u00a0un total de 34 muestras dieron negativo para coronavirus<\/strong>, comunic\u00f3 que 1<strong>8 personas ya no se encuentran contagiadas\u00a0<\/strong>y, adem\u00e1s, sostuvo que, a ra\u00edz de un positivo registrado ayer en Realic\u00f3,\u00a0<strong>salieron a buscar el virus y ya hisoparon a 16 personas<\/strong>.<\/p>\n<p>El programa B\u00fasqueda Activa se puso en marcha con el objetivo de ampliar el diagnostico de situaci\u00f3n en la localidad y fortalecer las medidas de prevenci\u00f3n. \u00abEn el d\u00eda de hoy se hisoparon 16 contactos y ma\u00f1ana se hisopar\u00e1n 20 personas m\u00e1s. Estos resultados ser\u00e1n informados una vez analizados\u00bb, inform\u00f3 el Ministerio de Salud.<\/p>\n<p>A su vez se inform\u00f3 que en horas de la tarde 34 muestras analizadas en los laboratorios de Bacteriolog\u00eda del Hospital Lucio Molas y Gobernador Centeno y en el laboratorio de la Direcci\u00f3n de Epidemiolog\u00eda resultaron negativas para covid.<\/p>\n<p>En el d\u00eda de la fecha se notificaron como recuperados 18 personas:<strong>\u00a04 residentes en la localidad de General Pico, 6 de Catril\u00f3, 3 de Macach\u00edn, 3 de Embajador Martini y 2 de Toay.<\/strong><\/p>\n<p>Desde el inicio de la pandemia, en nuestra provincia, se registraron un total\u00a0<strong>181 casos positivos\u00a0<\/strong>para Covid-19, de los cuales 133 se han recuperado y 48 permanecen activos.<\/p>\n<p><strong>Los activos est\u00e1n distribuidos de la siguiente manera: 25 en la ciudad de Santa Rosa, 7 en Catril\u00f3, 10 en General Pico, 1 en Santa Isabel, 1 Guatrach\u00e9, 1 en Alta Italia, 2 en La Adela y 1 en Realic\u00f3.<\/strong><\/p>\n<p><strong>Los contactos estrechos de los casos confirmados son 415<\/strong>\u00a0y se encuentran cumpliendo aislamiento estricto. Son monitoreados por personal de salud.<\/p>\n<p>Otro dato: al d\u00eda de la fecha se les ha tomado muestra a trav\u00e9s del hisopado nasofar\u00edngeo en La Pampa a 2608 personas.<\/p>\n<p>Hay seis internados. \u00abEn General Pico 4 personas en el Hospital Gobernador Centeno, de las cuales 3 permanecen con estado moderado y 1 persona en estado grave (estable) con pron\u00f3stico reservado. En el Centro Emergente de Asistencia Respiratoria de la localidad de Santa Rosa, se encuentran internadas 2 personas, 1 en Terapia Intensiva con estado grave (estable) y la otra en cl\u00ednica m\u00e9dica\u00bb, comunic\u00f3.<\/p>\n<div class=\"oasis-despues-del-contenido\" id=\"oasis-1462863545\"><img loading=\"lazy\" decoding=\"async\" src=\"https:\/\/oasisfm935.com.ar\/site\/wp-content\/uploads\/2020\/08\/47806202-8741-49f2-a5c9-d2f930e5baa1.jpg\" alt=\"\"  srcset=\"https:\/\/oasisfm935.com.ar\/site\/wp-content\/uploads\/2020\/08\/47806202-8741-49f2-a5c9-d2f930e5baa1.jpg 1080w, https:\/\/oasisfm935.com.ar\/site\/wp-content\/uploads\/2020\/08\/47806202-8741-49f2-a5c9-d2f930e5baa1-300x300.jpg 300w, https:\/\/oasisfm935.com.ar\/site\/wp-content\/uploads\/2020\/08\/47806202-8741-49f2-a5c9-d2f930e5baa1-1024x1024.jpg 1024w, https:\/\/oasisfm935.com.ar\/site\/wp-content\/uploads\/2020\/08\/47806202-8741-49f2-a5c9-d2f930e5baa1-150x150.jpg 150w, https:\/\/oasisfm935.com.ar\/site\/wp-content\/uploads\/2020\/08\/47806202-8741-49f2-a5c9-d2f930e5baa1-768x768.jpg 768w\" sizes=\"(max-width: 1080px) 100vw, 1080px\" class=\"no-lazyload\" width=\"1080\" height=\"1080\"  style=\"display: inline-block;\" \/><\/div>","protected":false},"excerpt":{"rendered":"<p>El Gobierno de la Provincia inform\u00f3 que este viernes\u00a0un total de 34 muestras dieron negativo para coronavirus, comunic\u00f3 que 18 personas ya<\/p>\n","protected":false},"author":4,"featured_media":6254,"comment_status":"closed","ping_status":"open","sticky":false,"template":"","format":"standard","meta":{"colormag_page_layout":"default_layout","footnotes":""},"categories":[2],"tags":[],"class_list":["post-6253","post","type-post","status-publish","format-standard","has-post-thumbnail","hentry","category-noticias"],"_links":{"self":[{"href":"https:\/\/oasisfm935.com.ar\/site\/wp-json\/wp\/v2\/posts\/6253","targetHints":{"allow":["GET"]}}],"collection":[{"href":"https:\/\/oasisfm935.com.ar\/site\/wp-json\/wp\/v2\/posts"}],"about":[{"href":"https:\/\/oasisfm935.com.ar\/site\/wp-json\/wp\/v2\/types\/post"}],"author":[{"embeddable":true,"href":"https:\/\/oasisfm935.com.ar\/site\/wp-json\/wp\/v2\/users\/4"}],"replies":[{"embeddable":true,"href":"https:\/\/oasisfm935.com.ar\/site\/wp-json\/wp\/v2\/comments?post=6253"}],"version-history":[{"count":1,"href":"https:\/\/oasisfm935.com.ar\/site\/wp-json\/wp\/v2\/posts\/6253\/revisions"}],"predecessor-version":[{"id":6255,"href":"https:\/\/oasisfm935.com.ar\/site\/wp-json\/wp\/v2\/posts\/6253\/revisions\/6255"}],"wp:featuredmedia":[{"embeddable":true,"href":"https:\/\/oasisfm935.com.ar\/site\/wp-json\/wp\/v2\/media\/6254"}],"wp:attachment":[{"href":"https:\/\/oasisfm935.com.ar\/site\/wp-json\/wp\/v2\/media?parent=6253"}],"wp:term":[{"taxonomy":"category","embeddable":true,"href":"https:\/\/oasisfm935.com.ar\/site\/wp-json\/wp\/v2\/categories?post=6253"},{"taxonomy":"post_tag","embeddable":true,"href":"https:\/\/oasisfm935.com.ar\/site\/wp-json\/wp\/v2\/tags?post=6253"}],"curies":[{"name":"wp","href":"https:\/\/api.w.org\/{rel}","templated":true}]}}