{"id":6257,"date":"2020-08-14T20:23:49","date_gmt":"2020-08-14T23:23:49","guid":{"rendered":"http:\/\/oasisfm935.com\/site\/?p=6257"},"modified":"2020-08-14T20:23:49","modified_gmt":"2020-08-14T23:23:49","slug":"las-jubilaciones-y-pensiones-aumentaran-un-75-en-septiembre","status":"publish","type":"post","link":"https:\/\/oasisfm935.com.ar\/site\/las-jubilaciones-y-pensiones-aumentaran-un-75-en-septiembre\/","title":{"rendered":"Las jubilaciones y pensiones aumentar\u00e1n un 7,5% en septiembre"},"content":{"rendered":"<p>La<strong>\u00a0Administraci\u00f3n Nacional de la Seguridad Social (Anses)\u00a0<\/strong>inform\u00f3 este viernes que\u00a0<strong>en septiembre se aplicar\u00e1 un aumento de 7,5% para las jubilaciones y pensiones<\/strong>, el que ser\u00e1 otorgado por decreto, tal como sucedi\u00f3 en marzo y y junio.<strong>\u00a0En base a esta decisi\u00f3n, el incremento acumulado en lo que va del a\u00f1o ser\u00e1 del 28,9% para las jubilaciones y pensiones m\u00e1s bajas.<\/strong><\/p>\n<p>\u201cEsto significa que en el primer semestre de 2020 el haber m\u00ednimo aument\u00f3, en t\u00e9rminos reales, un 5,5%, recuperando as\u00ed parte de la p\u00e9rdida producida entre septiembre de 2017 y diciembre de 2019 de un 19,5%\u201d, destac\u00f3 el organismo que conduce Fernanda Raverta.<\/p>\n<p>Se\u00f1al\u00f3 que con este incremento, alrededor del 85% de los jubilados y pensionados tendr\u00e1n aumentos en sus haberes por encima de la inflaci\u00f3n.<\/p>\n<p>Asimismo, a\u00f1adi\u00f3 que tambi\u00e9n se ven alcanzadas por esta suba las Pensiones No Contributivas (PNC), la Asignaci\u00f3n Universal por Hijo (AUH), la Asignaci\u00f3n Universal por Embarazo (AUE) y las asignaciones familiares.<\/p>\n<div class=\"oasis-despues-del-contenido\" id=\"oasis-2125732199\"><img loading=\"lazy\" decoding=\"async\" src=\"https:\/\/oasisfm935.com.ar\/site\/wp-content\/uploads\/2020\/08\/47806202-8741-49f2-a5c9-d2f930e5baa1.jpg\" alt=\"\"  srcset=\"https:\/\/oasisfm935.com.ar\/site\/wp-content\/uploads\/2020\/08\/47806202-8741-49f2-a5c9-d2f930e5baa1.jpg 1080w, https:\/\/oasisfm935.com.ar\/site\/wp-content\/uploads\/2020\/08\/47806202-8741-49f2-a5c9-d2f930e5baa1-300x300.jpg 300w, https:\/\/oasisfm935.com.ar\/site\/wp-content\/uploads\/2020\/08\/47806202-8741-49f2-a5c9-d2f930e5baa1-1024x1024.jpg 1024w, https:\/\/oasisfm935.com.ar\/site\/wp-content\/uploads\/2020\/08\/47806202-8741-49f2-a5c9-d2f930e5baa1-150x150.jpg 150w, https:\/\/oasisfm935.com.ar\/site\/wp-content\/uploads\/2020\/08\/47806202-8741-49f2-a5c9-d2f930e5baa1-768x768.jpg 768w\" sizes=\"(max-width: 1080px) 100vw, 1080px\" class=\"no-lazyload\" width=\"1080\" height=\"1080\"  style=\"display: inline-block;\" \/><\/div>","protected":false},"excerpt":{"rendered":"<p>La\u00a0Administraci\u00f3n Nacional de la Seguridad Social (Anses)\u00a0inform\u00f3 este viernes que\u00a0en septiembre se aplicar\u00e1 un aumento de 7,5% para las jubilaciones y pensiones,<\/p>\n","protected":false},"author":4,"featured_media":6258,"comment_status":"closed","ping_status":"open","sticky":false,"template":"","format":"standard","meta":{"colormag_page_layout":"default_layout","footnotes":""},"categories":[2],"tags":[],"class_list":["post-6257","post","type-post","status-publish","format-standard","has-post-thumbnail","hentry","category-noticias"],"_links":{"self":[{"href":"https:\/\/oasisfm935.com.ar\/site\/wp-json\/wp\/v2\/posts\/6257","targetHints":{"allow":["GET"]}}],"collection":[{"href":"https:\/\/oasisfm935.com.ar\/site\/wp-json\/wp\/v2\/posts"}],"about":[{"href":"https:\/\/oasisfm935.com.ar\/site\/wp-json\/wp\/v2\/types\/post"}],"author":[{"embeddable":true,"href":"https:\/\/oasisfm935.com.ar\/site\/wp-json\/wp\/v2\/users\/4"}],"replies":[{"embeddable":true,"href":"https:\/\/oasisfm935.com.ar\/site\/wp-json\/wp\/v2\/comments?post=6257"}],"version-history":[{"count":1,"href":"https:\/\/oasisfm935.com.ar\/site\/wp-json\/wp\/v2\/posts\/6257\/revisions"}],"predecessor-version":[{"id":6259,"href":"https:\/\/oasisfm935.com.ar\/site\/wp-json\/wp\/v2\/posts\/6257\/revisions\/6259"}],"wp:featuredmedia":[{"embeddable":true,"href":"https:\/\/oasisfm935.com.ar\/site\/wp-json\/wp\/v2\/media\/6258"}],"wp:attachment":[{"href":"https:\/\/oasisfm935.com.ar\/site\/wp-json\/wp\/v2\/media?parent=6257"}],"wp:term":[{"taxonomy":"category","embeddable":true,"href":"https:\/\/oasisfm935.com.ar\/site\/wp-json\/wp\/v2\/categories?post=6257"},{"taxonomy":"post_tag","embeddable":true,"href":"https:\/\/oasisfm935.com.ar\/site\/wp-json\/wp\/v2\/tags?post=6257"}],"curies":[{"name":"wp","href":"https:\/\/api.w.org\/{rel}","templated":true}]}}