{"id":6260,"date":"2020-08-14T21:11:27","date_gmt":"2020-08-15T00:11:27","guid":{"rendered":"http:\/\/oasisfm935.com\/site\/?p=6260"},"modified":"2020-08-14T21:11:27","modified_gmt":"2020-08-15T00:11:27","slug":"locales-gastronomicos-pampeanos-podran-diferir-el-pago-de-energia-para-2021","status":"publish","type":"post","link":"https:\/\/oasisfm935.com.ar\/site\/locales-gastronomicos-pampeanos-podran-diferir-el-pago-de-energia-para-2021\/","title":{"rendered":"Locales gastron\u00f3micos pampeanos podr\u00e1n diferir el pago de energ\u00eda para 2021"},"content":{"rendered":"<ul>\n<li>Los montos correspondientes a las facturas diferidas en el marco del presente decreto podr\u00e1 efectuarse hasta en doce cuotas mensuales, iguales y consecutivas.<\/li>\n<\/ul>\n<p>El Gobierno de La Pampa, mediante Decreto N\u00b01910\/20 firmado por el gobernador Sergio Ziliotto, dispuso que podr\u00e1n solicitar el diferimiento de pago de las facturas de energ\u00eda el\u00e9ctrica con vencimiento desde el 1\u00b0 de agosto y hasta el 31 de diciembre de 2020.<\/p>\n<p>La cancelaci\u00f3n de los montos correspondientes a las facturas diferidas en el marco del presente decreto podr\u00e1 efectuarse hasta en doce (12) cuotas mensuales, iguales y consecutivas, venciendo la primera en el mes de enero de 2021 aunque pudiendo el beneficiario optar por un plazo menor.<\/p>\n<p><strong>Beneficios<\/strong><\/p>\n<p>Este beneficio alcanza a los establecimientos que brindan servicios gastron\u00f3micos con atenci\u00f3n y permanencia de p\u00fablico que consumen en el lugar, sean bares, restaurantes, cervecer\u00edas, cafeter\u00edas, confiter\u00edas y otros afines.<\/p>\n<p>El fundamento de esta medida se basa en que dichos locales gastron\u00f3micos, aunque se hallan actualmente en funcionamiento, lo hacen con una capacidad de atenci\u00f3n restringida al 50 % debido a razones de \u00edndole sanitarias y epidemiol\u00f3gicas frente a la prevenci\u00f3n de COVID-19.<\/p>\n<p>Dicha limitaci\u00f3n de capacidad determina claramente una disminuci\u00f3n en las ganancias, que se potencia en virtud del fuerte retroceso de la demanda que afecta a todas las actividades econ\u00f3micas, en virtud de la crisis sanitaria.<\/p>\n<p>Esta medida se har\u00e1 operativa entre la Administraci\u00f3n Provincial de Energ\u00eda y las cooperativas prestadoras del servicio el\u00e9ctrico, en el mismo marco de implementaci\u00f3n de medidas similares aplicadas meses atr\u00e1s y que beneficiaron a sectores vulnerables.<\/p>\n<p>A su vez, los beneficiarios de esta medida podr\u00e1n realizar personalmente o mediante correo electr\u00f3nico a la casilla\u00a0fiscalizaciongastrononicos@ape.lapampa.gov.ar\u00a0ante la Administraci\u00f3n Provincial de Energ\u00eda.<\/p>\n<div class=\"oasis-despues-del-contenido\" id=\"oasis-2018947252\"><img loading=\"lazy\" decoding=\"async\" src=\"https:\/\/oasisfm935.com.ar\/site\/wp-content\/uploads\/2020\/08\/47806202-8741-49f2-a5c9-d2f930e5baa1.jpg\" alt=\"\"  srcset=\"https:\/\/oasisfm935.com.ar\/site\/wp-content\/uploads\/2020\/08\/47806202-8741-49f2-a5c9-d2f930e5baa1.jpg 1080w, https:\/\/oasisfm935.com.ar\/site\/wp-content\/uploads\/2020\/08\/47806202-8741-49f2-a5c9-d2f930e5baa1-300x300.jpg 300w, https:\/\/oasisfm935.com.ar\/site\/wp-content\/uploads\/2020\/08\/47806202-8741-49f2-a5c9-d2f930e5baa1-1024x1024.jpg 1024w, https:\/\/oasisfm935.com.ar\/site\/wp-content\/uploads\/2020\/08\/47806202-8741-49f2-a5c9-d2f930e5baa1-150x150.jpg 150w, https:\/\/oasisfm935.com.ar\/site\/wp-content\/uploads\/2020\/08\/47806202-8741-49f2-a5c9-d2f930e5baa1-768x768.jpg 768w\" sizes=\"(max-width: 1080px) 100vw, 1080px\" class=\"no-lazyload\" width=\"1080\" height=\"1080\"  style=\"display: inline-block;\" \/><\/div>","protected":false},"excerpt":{"rendered":"<p>Los montos correspondientes a las facturas diferidas en el marco del presente decreto podr\u00e1 efectuarse hasta en doce cuotas mensuales, iguales y<\/p>\n","protected":false},"author":4,"featured_media":6261,"comment_status":"closed","ping_status":"open","sticky":false,"template":"","format":"standard","meta":{"colormag_page_layout":"default_layout","footnotes":""},"categories":[2],"tags":[],"class_list":["post-6260","post","type-post","status-publish","format-standard","has-post-thumbnail","hentry","category-noticias"],"_links":{"self":[{"href":"https:\/\/oasisfm935.com.ar\/site\/wp-json\/wp\/v2\/posts\/6260","targetHints":{"allow":["GET"]}}],"collection":[{"href":"https:\/\/oasisfm935.com.ar\/site\/wp-json\/wp\/v2\/posts"}],"about":[{"href":"https:\/\/oasisfm935.com.ar\/site\/wp-json\/wp\/v2\/types\/post"}],"author":[{"embeddable":true,"href":"https:\/\/oasisfm935.com.ar\/site\/wp-json\/wp\/v2\/users\/4"}],"replies":[{"embeddable":true,"href":"https:\/\/oasisfm935.com.ar\/site\/wp-json\/wp\/v2\/comments?post=6260"}],"version-history":[{"count":1,"href":"https:\/\/oasisfm935.com.ar\/site\/wp-json\/wp\/v2\/posts\/6260\/revisions"}],"predecessor-version":[{"id":6262,"href":"https:\/\/oasisfm935.com.ar\/site\/wp-json\/wp\/v2\/posts\/6260\/revisions\/6262"}],"wp:featuredmedia":[{"embeddable":true,"href":"https:\/\/oasisfm935.com.ar\/site\/wp-json\/wp\/v2\/media\/6261"}],"wp:attachment":[{"href":"https:\/\/oasisfm935.com.ar\/site\/wp-json\/wp\/v2\/media?parent=6260"}],"wp:term":[{"taxonomy":"category","embeddable":true,"href":"https:\/\/oasisfm935.com.ar\/site\/wp-json\/wp\/v2\/categories?post=6260"},{"taxonomy":"post_tag","embeddable":true,"href":"https:\/\/oasisfm935.com.ar\/site\/wp-json\/wp\/v2\/tags?post=6260"}],"curies":[{"name":"wp","href":"https:\/\/api.w.org\/{rel}","templated":true}]}}