{"id":6264,"date":"2020-08-15T10:26:53","date_gmt":"2020-08-15T13:26:53","guid":{"rendered":"http:\/\/oasisfm935.com\/site\/?p=6264"},"modified":"2020-08-15T10:32:56","modified_gmt":"2020-08-15T13:32:56","slug":"un-hombre-de-caleufu-dio-positivo-a-un-test-rapido-en-huinca-renanco","status":"publish","type":"post","link":"https:\/\/oasisfm935.com.ar\/site\/un-hombre-de-caleufu-dio-positivo-a-un-test-rapido-en-huinca-renanco\/","title":{"rendered":"Un hombre de Caleuf\u00fa dio positivo a un test r\u00e1pido en Huinca Renanc\u00f3."},"content":{"rendered":"<p>&nbsp;<\/p>\n<p>Transportista de CALEUF\u00da que trajo le\u00f1a a HUINCA RENANC\u00d3 dio positivo al Test R\u00e1pido para detecci\u00f3n de Covid-19<\/p>\n<p>Esta persona llev\u00f3 le\u00f1a a Huinca Renanc\u00f3 sorteando puestos de control, pero fue interceptado por la Patrulla Rural en una calle p\u00fablica de la localidad cordobesa. Al realizarle el test r\u00e1pido, dio positivo y aislaron tambi\u00e9n a una familia de Huinca que tuvo contacto con \u00e9l.<\/p>\n<p>Seg\u00fan la informaci\u00f3n policial, \u00abel vecino se conduc\u00eda en un cami\u00f3n con acoplado. Se lo condujo hasta el puesto de control sobre ruta 35 con las medidas de seguridad, donde le realizaron dos test r\u00e1pidos de Covid19 y ambos dieron positivos\u00bb.<\/p>\n<p>Seg\u00fan se\u00f1al\u00f3 la Polic\u00eda cordobesa, \u00abel chofer fue encapsulado y trasladado hacia La Pampa donde lo esperaba la Polic\u00eda pampeana\u00ab.<br \/>\nAdem\u00e1s se inform\u00f3 que una familia de la localidad de Huinca Renanc\u00f3 qued\u00f3 aislada por prevenci\u00f3n, ya que tuvo contacto estrecho con esta persona.<br \/>\nFuente CableDigital<\/p>\n<div class=\"oasis-despues-del-contenido\" id=\"oasis-2454039617\"><img loading=\"lazy\" decoding=\"async\" src=\"https:\/\/oasisfm935.com.ar\/site\/wp-content\/uploads\/2020\/08\/47806202-8741-49f2-a5c9-d2f930e5baa1.jpg\" alt=\"\"  srcset=\"https:\/\/oasisfm935.com.ar\/site\/wp-content\/uploads\/2020\/08\/47806202-8741-49f2-a5c9-d2f930e5baa1.jpg 1080w, https:\/\/oasisfm935.com.ar\/site\/wp-content\/uploads\/2020\/08\/47806202-8741-49f2-a5c9-d2f930e5baa1-300x300.jpg 300w, https:\/\/oasisfm935.com.ar\/site\/wp-content\/uploads\/2020\/08\/47806202-8741-49f2-a5c9-d2f930e5baa1-1024x1024.jpg 1024w, https:\/\/oasisfm935.com.ar\/site\/wp-content\/uploads\/2020\/08\/47806202-8741-49f2-a5c9-d2f930e5baa1-150x150.jpg 150w, https:\/\/oasisfm935.com.ar\/site\/wp-content\/uploads\/2020\/08\/47806202-8741-49f2-a5c9-d2f930e5baa1-768x768.jpg 768w\" sizes=\"(max-width: 1080px) 100vw, 1080px\" class=\"no-lazyload\" width=\"1080\" height=\"1080\"  style=\"display: inline-block;\" \/><\/div>","protected":false},"excerpt":{"rendered":"<p>&nbsp; Transportista de CALEUF\u00da que trajo le\u00f1a a HUINCA RENANC\u00d3 dio positivo al Test R\u00e1pido para detecci\u00f3n de Covid-19 Esta persona llev\u00f3<\/p>\n","protected":false},"author":4,"featured_media":6265,"comment_status":"closed","ping_status":"open","sticky":false,"template":"","format":"standard","meta":{"colormag_page_layout":"default_layout","footnotes":""},"categories":[2],"tags":[],"class_list":["post-6264","post","type-post","status-publish","format-standard","has-post-thumbnail","hentry","category-noticias"],"_links":{"self":[{"href":"https:\/\/oasisfm935.com.ar\/site\/wp-json\/wp\/v2\/posts\/6264","targetHints":{"allow":["GET"]}}],"collection":[{"href":"https:\/\/oasisfm935.com.ar\/site\/wp-json\/wp\/v2\/posts"}],"about":[{"href":"https:\/\/oasisfm935.com.ar\/site\/wp-json\/wp\/v2\/types\/post"}],"author":[{"embeddable":true,"href":"https:\/\/oasisfm935.com.ar\/site\/wp-json\/wp\/v2\/users\/4"}],"replies":[{"embeddable":true,"href":"https:\/\/oasisfm935.com.ar\/site\/wp-json\/wp\/v2\/comments?post=6264"}],"version-history":[{"count":1,"href":"https:\/\/oasisfm935.com.ar\/site\/wp-json\/wp\/v2\/posts\/6264\/revisions"}],"predecessor-version":[{"id":6266,"href":"https:\/\/oasisfm935.com.ar\/site\/wp-json\/wp\/v2\/posts\/6264\/revisions\/6266"}],"wp:featuredmedia":[{"embeddable":true,"href":"https:\/\/oasisfm935.com.ar\/site\/wp-json\/wp\/v2\/media\/6265"}],"wp:attachment":[{"href":"https:\/\/oasisfm935.com.ar\/site\/wp-json\/wp\/v2\/media?parent=6264"}],"wp:term":[{"taxonomy":"category","embeddable":true,"href":"https:\/\/oasisfm935.com.ar\/site\/wp-json\/wp\/v2\/categories?post=6264"},{"taxonomy":"post_tag","embeddable":true,"href":"https:\/\/oasisfm935.com.ar\/site\/wp-json\/wp\/v2\/tags?post=6264"}],"curies":[{"name":"wp","href":"https:\/\/api.w.org\/{rel}","templated":true}]}}