{"id":6267,"date":"2020-08-15T12:36:25","date_gmt":"2020-08-15T15:36:25","guid":{"rendered":"http:\/\/oasisfm935.com\/site\/?p=6267"},"modified":"2020-08-15T12:36:25","modified_gmt":"2020-08-15T15:36:25","slug":"el-resultado-del-hisopado-del-vecino-de-caleufu-que-dio-positivo-a-un-test-rapido-estara-en-horas-de-la-tarde","status":"publish","type":"post","link":"https:\/\/oasisfm935.com.ar\/site\/el-resultado-del-hisopado-del-vecino-de-caleufu-que-dio-positivo-a-un-test-rapido-estara-en-horas-de-la-tarde\/","title":{"rendered":"El resultado del hisopado del vecino de Caleuf\u00fa que dio positivo a un test r\u00e1pido, estar\u00e1 en horas de la tarde."},"content":{"rendered":"<p>La directora del Establecimiento Asistencial Luis A. Petrelli de Caleuf\u00fa Anabela Paneco confirm\u00f3 que el vecino de Caleuf\u00fa, a quien el test r\u00e1pido en el control de Huinca Renanc\u00f3 le dio positivo, fue trasladado a Pico y se est\u00e1 a la espera del resultado del hisopado que se le practic\u00f3 esta ma\u00f1ana.<\/p>\n<blockquote class=\"wp-block-quote\"><p>La m\u00e9dica confirm\u00f3 a\u00a0<strong>Zonal Noticias<\/strong>\u00a0que ingres\u00f3 custodiado a la provincia de La Pampa hasta el acceso de Caleuf\u00fa, desde all\u00ed se lo deriv\u00f3 a General Pico, a uno de los contenedores donde qued\u00f3 aislado \u00ab<strong>y en horas de la ma\u00f1ana se le iba a practicar el hisopado\u00bb.<\/strong><\/p>\n<p>La profesional estim\u00f3 que \u00ab<strong>para la tarde estar\u00e1 el resultado y los contactos estrechos de este hombre ya est\u00e1n aislados por precauci\u00f3n y a la espera del rsultado, para ver c\u00f3mo continuamos\u00bb.<\/strong><\/p><\/blockquote>\n<div class=\"oasis-despues-del-contenido\" id=\"oasis-999901247\"><img loading=\"lazy\" decoding=\"async\" src=\"https:\/\/oasisfm935.com.ar\/site\/wp-content\/uploads\/2020\/08\/47806202-8741-49f2-a5c9-d2f930e5baa1.jpg\" alt=\"\"  srcset=\"https:\/\/oasisfm935.com.ar\/site\/wp-content\/uploads\/2020\/08\/47806202-8741-49f2-a5c9-d2f930e5baa1.jpg 1080w, https:\/\/oasisfm935.com.ar\/site\/wp-content\/uploads\/2020\/08\/47806202-8741-49f2-a5c9-d2f930e5baa1-300x300.jpg 300w, https:\/\/oasisfm935.com.ar\/site\/wp-content\/uploads\/2020\/08\/47806202-8741-49f2-a5c9-d2f930e5baa1-1024x1024.jpg 1024w, https:\/\/oasisfm935.com.ar\/site\/wp-content\/uploads\/2020\/08\/47806202-8741-49f2-a5c9-d2f930e5baa1-150x150.jpg 150w, https:\/\/oasisfm935.com.ar\/site\/wp-content\/uploads\/2020\/08\/47806202-8741-49f2-a5c9-d2f930e5baa1-768x768.jpg 768w\" sizes=\"(max-width: 1080px) 100vw, 1080px\" class=\"no-lazyload\" width=\"1080\" height=\"1080\"  style=\"display: inline-block;\" \/><\/div>","protected":false},"excerpt":{"rendered":"<p>La directora del Establecimiento Asistencial Luis A. Petrelli de Caleuf\u00fa Anabela Paneco confirm\u00f3 que el vecino de Caleuf\u00fa, a quien el test<\/p>\n","protected":false},"author":4,"featured_media":6268,"comment_status":"closed","ping_status":"open","sticky":false,"template":"","format":"standard","meta":{"colormag_page_layout":"default_layout","footnotes":""},"categories":[2],"tags":[],"class_list":["post-6267","post","type-post","status-publish","format-standard","has-post-thumbnail","hentry","category-noticias"],"_links":{"self":[{"href":"https:\/\/oasisfm935.com.ar\/site\/wp-json\/wp\/v2\/posts\/6267","targetHints":{"allow":["GET"]}}],"collection":[{"href":"https:\/\/oasisfm935.com.ar\/site\/wp-json\/wp\/v2\/posts"}],"about":[{"href":"https:\/\/oasisfm935.com.ar\/site\/wp-json\/wp\/v2\/types\/post"}],"author":[{"embeddable":true,"href":"https:\/\/oasisfm935.com.ar\/site\/wp-json\/wp\/v2\/users\/4"}],"replies":[{"embeddable":true,"href":"https:\/\/oasisfm935.com.ar\/site\/wp-json\/wp\/v2\/comments?post=6267"}],"version-history":[{"count":1,"href":"https:\/\/oasisfm935.com.ar\/site\/wp-json\/wp\/v2\/posts\/6267\/revisions"}],"predecessor-version":[{"id":6269,"href":"https:\/\/oasisfm935.com.ar\/site\/wp-json\/wp\/v2\/posts\/6267\/revisions\/6269"}],"wp:featuredmedia":[{"embeddable":true,"href":"https:\/\/oasisfm935.com.ar\/site\/wp-json\/wp\/v2\/media\/6268"}],"wp:attachment":[{"href":"https:\/\/oasisfm935.com.ar\/site\/wp-json\/wp\/v2\/media?parent=6267"}],"wp:term":[{"taxonomy":"category","embeddable":true,"href":"https:\/\/oasisfm935.com.ar\/site\/wp-json\/wp\/v2\/categories?post=6267"},{"taxonomy":"post_tag","embeddable":true,"href":"https:\/\/oasisfm935.com.ar\/site\/wp-json\/wp\/v2\/tags?post=6267"}],"curies":[{"name":"wp","href":"https:\/\/api.w.org\/{rel}","templated":true}]}}