{"id":6270,"date":"2020-08-15T14:15:58","date_gmt":"2020-08-15T17:15:58","guid":{"rendered":"http:\/\/oasisfm935.com\/site\/?p=6270"},"modified":"2020-08-15T14:15:58","modified_gmt":"2020-08-15T17:15:58","slug":"detectan-un-nuevo-caso-de-coronavirus-en-general-pico-pero-ya-estaba-en-aislamiento","status":"publish","type":"post","link":"https:\/\/oasisfm935.com.ar\/site\/detectan-un-nuevo-caso-de-coronavirus-en-general-pico-pero-ya-estaba-en-aislamiento\/","title":{"rendered":"Detectan un nuevo caso de coronavirus en General Pico, pero ya estaba en aislamiento"},"content":{"rendered":"<p class=\"lead nota-detalle-bajada\">El Gobierno de la Provincia de La Pampa a trav\u00e9s del Ministerio de Salud comunic\u00f3 que a ra\u00edz de la notificaci\u00f3n de un caso positivo confirmado el d\u00eda 13 de agosto para COVID-19 en la localidad de Realic\u00f3, se contin\u00faa trabajando en el marco del programa de \u201cB\u00fasqueda Activa\u201d de eventuales casos.<\/p>\n<div class=\"nota-detalle-cuerpo\">Esta estrategia se puso en marcha con el objetivo de ampliar el diagn\u00f3stico de situaci\u00f3n en la localidad. La misma se est\u00e1 implementando en las 6 manzanas lindantes del domicilio del caso positivo. Se han hisopado un total de 16 personas y en el d\u00eda de hoy se siguen tomando muestras.<\/div>\n<div class=\"nota-detalle-cuerpo\">Desde las instituciones p\u00fablicas y privadas de la localidad, se est\u00e1 llevando adelante la investigaci\u00f3n epidemiol\u00f3gica y el seguimiento de las consultas respiratorias desde el d\u00eda 29 de julio a la fecha.<\/div>\n<div class=\"nota-detalle-cuerpo\">Los resultados de las muestras obtenidas ser\u00e1n notificados una vez analizados.<\/p>\n<p><strong>Un contacto estrecho de General Pico result\u00f3 positivo<\/strong><br \/>\nA su vez se inform\u00f3 que en horas de la ma\u00f1ana del d\u00eda 15 de agosto, 12 muestras analizadas en el laboratorio de Bacteriolog\u00eda del Establecimiento Asistencial Gobernador Centeno y en el laboratorio de la Direcci\u00f3n de Epidemiologia, 1 result\u00f3 positiva para COVID-19.<\/div>\n<div class=\"nota-detalle-cuerpo\">Se trata de un contacto estrecho de un caso confirmado residente en la ciudad de General Pico, que ven\u00eda cumpliendo con el aislamiento correspondiente desde el d\u00eda 10 de agosto.<\/div>\n<div class=\"nota-detalle-cuerpo\">\nDesde el inicio de la pandemia, en nuestra provincia, se registraron un total 182 casos positivos para COVID-19, de los cuales 133 se han recuperado y 49 permanecen activos.<\/div>\n<div class=\"nota-detalle-cuerpo\">Estos \u00faltimos est\u00e1n distribuidos de la siguiente manera: 25 en la ciudad de Santa Rosa, 7 en Catril\u00f3, 11 en General Pico, 1 en Santa Isabel, 1 Guatrach\u00e9, 1 en Alta Italia, 2 en La Adela y 1 en Realic\u00f3.<br \/>\nLos contactos estrechos de los casos confirmados son 425 y se encuentran cumpliendo aislamiento estricto, los mismos son monitoreados por personal de Salud P\u00fablica.<\/div>\n<div class=\"nota-detalle-cuerpo\">Al d\u00eda de la fecha se les ha tomado muestra a trav\u00e9s del hisopado nasofar\u00edngeo en La Pampa a 2636 personas.<\/div>\n<div class=\"nota-detalle-cuerpo\">\nSe encuentran internadas un total de 6 personas confirmadas para COVID-19.\u00a0 En General Pico 4 personas en el Establecimiento Asistencial Gobernador Centeno, de las cuales 3 permanecen con estado moderado y 1 persona en estado grave (estable) con pron\u00f3stico reservado. En el Centro Emergente de Asistencia Respiratoria (CEAR) de la ciudad de Santa Rosa, se encuentran internadas 2 personas en terapia intensiva con estado grave (estable), debido a que el paciente que se encontraba en Cl\u00ednica M\u00e9dica debi\u00f3 ser internado en terapia intensiva nuevamente.<\/div>\n<div class=\"oasis-despues-del-contenido\" id=\"oasis-83928055\"><img loading=\"lazy\" decoding=\"async\" src=\"https:\/\/oasisfm935.com.ar\/site\/wp-content\/uploads\/2020\/08\/47806202-8741-49f2-a5c9-d2f930e5baa1.jpg\" alt=\"\"  srcset=\"https:\/\/oasisfm935.com.ar\/site\/wp-content\/uploads\/2020\/08\/47806202-8741-49f2-a5c9-d2f930e5baa1.jpg 1080w, https:\/\/oasisfm935.com.ar\/site\/wp-content\/uploads\/2020\/08\/47806202-8741-49f2-a5c9-d2f930e5baa1-300x300.jpg 300w, https:\/\/oasisfm935.com.ar\/site\/wp-content\/uploads\/2020\/08\/47806202-8741-49f2-a5c9-d2f930e5baa1-1024x1024.jpg 1024w, https:\/\/oasisfm935.com.ar\/site\/wp-content\/uploads\/2020\/08\/47806202-8741-49f2-a5c9-d2f930e5baa1-150x150.jpg 150w, https:\/\/oasisfm935.com.ar\/site\/wp-content\/uploads\/2020\/08\/47806202-8741-49f2-a5c9-d2f930e5baa1-768x768.jpg 768w\" sizes=\"(max-width: 1080px) 100vw, 1080px\" class=\"no-lazyload\" width=\"1080\" height=\"1080\"  style=\"display: inline-block;\" \/><\/div>","protected":false},"excerpt":{"rendered":"<p>El Gobierno de la Provincia de La Pampa a trav\u00e9s del Ministerio de Salud comunic\u00f3 que a ra\u00edz de la notificaci\u00f3n de<\/p>\n","protected":false},"author":4,"featured_media":6271,"comment_status":"closed","ping_status":"open","sticky":false,"template":"","format":"standard","meta":{"colormag_page_layout":"default_layout","footnotes":""},"categories":[2],"tags":[],"class_list":["post-6270","post","type-post","status-publish","format-standard","has-post-thumbnail","hentry","category-noticias"],"_links":{"self":[{"href":"https:\/\/oasisfm935.com.ar\/site\/wp-json\/wp\/v2\/posts\/6270","targetHints":{"allow":["GET"]}}],"collection":[{"href":"https:\/\/oasisfm935.com.ar\/site\/wp-json\/wp\/v2\/posts"}],"about":[{"href":"https:\/\/oasisfm935.com.ar\/site\/wp-json\/wp\/v2\/types\/post"}],"author":[{"embeddable":true,"href":"https:\/\/oasisfm935.com.ar\/site\/wp-json\/wp\/v2\/users\/4"}],"replies":[{"embeddable":true,"href":"https:\/\/oasisfm935.com.ar\/site\/wp-json\/wp\/v2\/comments?post=6270"}],"version-history":[{"count":1,"href":"https:\/\/oasisfm935.com.ar\/site\/wp-json\/wp\/v2\/posts\/6270\/revisions"}],"predecessor-version":[{"id":6272,"href":"https:\/\/oasisfm935.com.ar\/site\/wp-json\/wp\/v2\/posts\/6270\/revisions\/6272"}],"wp:featuredmedia":[{"embeddable":true,"href":"https:\/\/oasisfm935.com.ar\/site\/wp-json\/wp\/v2\/media\/6271"}],"wp:attachment":[{"href":"https:\/\/oasisfm935.com.ar\/site\/wp-json\/wp\/v2\/media?parent=6270"}],"wp:term":[{"taxonomy":"category","embeddable":true,"href":"https:\/\/oasisfm935.com.ar\/site\/wp-json\/wp\/v2\/categories?post=6270"},{"taxonomy":"post_tag","embeddable":true,"href":"https:\/\/oasisfm935.com.ar\/site\/wp-json\/wp\/v2\/tags?post=6270"}],"curies":[{"name":"wp","href":"https:\/\/api.w.org\/{rel}","templated":true}]}}