{"id":6280,"date":"2020-08-15T19:55:31","date_gmt":"2020-08-15T22:55:31","guid":{"rendered":"http:\/\/oasisfm935.com\/site\/?p=6280"},"modified":"2020-08-15T19:55:31","modified_gmt":"2020-08-15T22:55:31","slug":"coronavirus-la-pampa-todas-las-muestras-analizadas-esta-tarde-dieron-negativo-12-de-ellas-pertenecian-a-la-busqueda-activa-en-realico","status":"publish","type":"post","link":"https:\/\/oasisfm935.com.ar\/site\/coronavirus-la-pampa-todas-las-muestras-analizadas-esta-tarde-dieron-negativo-12-de-ellas-pertenecian-a-la-busqueda-activa-en-realico\/","title":{"rendered":"Coronavirus La Pampa: Todas las muestras analizadas esta tarde dieron negativo, 12 de ellas pertenec\u00edan a la \u201cB\u00fasqueda Activa\u201d en Realic\u00f3"},"content":{"rendered":"<p>El Gobierno de la Provincia de La Pampa a trav\u00e9s del Ministerio de Salud comunica que en la tarde del 15 de agosto resultaron negativas 24 muestras analizadas en el laboratorio Central de la Direcci\u00f3n de Epidemiologia y en el laboratorio del Hospital Gobernador Centeno.<\/p>\n<p><strong>\u201cB\u00fasqueda Activa\u201d en Realic\u00f3<\/strong><\/p>\n<p>De las 24 muestras analizadas en la tarde de hoy, 12 pertenec\u00edan a la \u201cB\u00fasqueda Activa\u201d realizada en Realic\u00f3. De la investigaci\u00f3n epidemiol\u00f3gica llevada a cabo en la localidad, se informa que de las 234\u00a0 personas que se entrevistaron en los respectivos domicilios, no se encontraron reporte de casos respiratorios activos en los \u00faltimos 14 d\u00edas.\u00a0 Se contin\u00faa trabajando en el territorio y en el an\u00e1lisis de muestras procesadas.<\/p>\n<p><strong>Situaci\u00f3n Provincial<\/strong><\/p>\n<p>En el d\u00eda de hoy se han recuperado un total de 6 personas, 2 residentes en la localidad de\u00a0 Catril\u00f3, 2 de General Pico, 1 de Guatrach\u00e9 y 1 de Santa Isabel.<\/p>\n<p>Desde el inicio de la pandemia,\u00a0 en nuestra provincia, se registraron\u00a0 un total 182 casos positivos para COVID-19, de los cuales 139 se han recuperado y 43 permanecen\u00a0 activos. Estos \u00faltimos est\u00e1n distribuidos de la siguiente manera: 25 en la ciudad de Santa Rosa, 9 en General Pico, 5 en Catril\u00f3 ,2 en La Adela\u00a0 1 en Alta Italia y 1 en Realic\u00f3.<\/p>\n<p>Los contactos estrechos de los casos confirmados son 385 y se encuentran cumpliendo aislamiento estricto, los mismos\u00a0 son monitoreados por personal de salud.<\/p>\n<p><strong>Al d\u00eda de la fecha\u00a0 se les ha tomado muestra a trav\u00e9s del hisopado nasofar\u00edngeo en La Pampa\u00a0 a\u00a0 2660 personas.<\/strong><\/p>\n<p>Se encuentran\u00a0 internadas un total de 6 personas confirmadas para COVID-19.\u00a0 En General Pico 4 personas en el Hospital Gobernador Centeno, de las cuales\u00a0 3 permanecen con estado moderado y 1 persona en estado grave (estable) con pron\u00f3stico reservado. En el Centro Emergente de Asistencia Respiratoria de la localidad de Santa Rosa, se encuentran internadas\u00a0 2 personas en Terapia Intensiva con estado grave (estable), debido a que el paciente que se encontraba en Cl\u00ednica M\u00e9dica debi\u00f3 ser internado en Terapia Intensiva nuevamente.<\/p>\n<div class=\"oasis-despues-del-contenido\" id=\"oasis-741713505\"><img loading=\"lazy\" decoding=\"async\" src=\"https:\/\/oasisfm935.com.ar\/site\/wp-content\/uploads\/2020\/08\/47806202-8741-49f2-a5c9-d2f930e5baa1.jpg\" alt=\"\"  srcset=\"https:\/\/oasisfm935.com.ar\/site\/wp-content\/uploads\/2020\/08\/47806202-8741-49f2-a5c9-d2f930e5baa1.jpg 1080w, https:\/\/oasisfm935.com.ar\/site\/wp-content\/uploads\/2020\/08\/47806202-8741-49f2-a5c9-d2f930e5baa1-300x300.jpg 300w, https:\/\/oasisfm935.com.ar\/site\/wp-content\/uploads\/2020\/08\/47806202-8741-49f2-a5c9-d2f930e5baa1-1024x1024.jpg 1024w, https:\/\/oasisfm935.com.ar\/site\/wp-content\/uploads\/2020\/08\/47806202-8741-49f2-a5c9-d2f930e5baa1-150x150.jpg 150w, https:\/\/oasisfm935.com.ar\/site\/wp-content\/uploads\/2020\/08\/47806202-8741-49f2-a5c9-d2f930e5baa1-768x768.jpg 768w\" sizes=\"(max-width: 1080px) 100vw, 1080px\" class=\"no-lazyload\" width=\"1080\" height=\"1080\"  style=\"display: inline-block;\" \/><\/div>","protected":false},"excerpt":{"rendered":"<p>El Gobierno de la Provincia de La Pampa a trav\u00e9s del Ministerio de Salud comunica que en la tarde del 15 de<\/p>\n","protected":false},"author":4,"featured_media":6281,"comment_status":"closed","ping_status":"open","sticky":false,"template":"","format":"standard","meta":{"colormag_page_layout":"default_layout","footnotes":""},"categories":[2],"tags":[],"class_list":["post-6280","post","type-post","status-publish","format-standard","has-post-thumbnail","hentry","category-noticias"],"_links":{"self":[{"href":"https:\/\/oasisfm935.com.ar\/site\/wp-json\/wp\/v2\/posts\/6280","targetHints":{"allow":["GET"]}}],"collection":[{"href":"https:\/\/oasisfm935.com.ar\/site\/wp-json\/wp\/v2\/posts"}],"about":[{"href":"https:\/\/oasisfm935.com.ar\/site\/wp-json\/wp\/v2\/types\/post"}],"author":[{"embeddable":true,"href":"https:\/\/oasisfm935.com.ar\/site\/wp-json\/wp\/v2\/users\/4"}],"replies":[{"embeddable":true,"href":"https:\/\/oasisfm935.com.ar\/site\/wp-json\/wp\/v2\/comments?post=6280"}],"version-history":[{"count":1,"href":"https:\/\/oasisfm935.com.ar\/site\/wp-json\/wp\/v2\/posts\/6280\/revisions"}],"predecessor-version":[{"id":6282,"href":"https:\/\/oasisfm935.com.ar\/site\/wp-json\/wp\/v2\/posts\/6280\/revisions\/6282"}],"wp:featuredmedia":[{"embeddable":true,"href":"https:\/\/oasisfm935.com.ar\/site\/wp-json\/wp\/v2\/media\/6281"}],"wp:attachment":[{"href":"https:\/\/oasisfm935.com.ar\/site\/wp-json\/wp\/v2\/media?parent=6280"}],"wp:term":[{"taxonomy":"category","embeddable":true,"href":"https:\/\/oasisfm935.com.ar\/site\/wp-json\/wp\/v2\/categories?post=6280"},{"taxonomy":"post_tag","embeddable":true,"href":"https:\/\/oasisfm935.com.ar\/site\/wp-json\/wp\/v2\/tags?post=6280"}],"curies":[{"name":"wp","href":"https:\/\/api.w.org\/{rel}","templated":true}]}}