{"id":6285,"date":"2020-08-16T17:15:38","date_gmt":"2020-08-16T20:15:38","guid":{"rendered":"http:\/\/oasisfm935.com\/site\/?p=6285"},"modified":"2020-08-16T17:15:38","modified_gmt":"2020-08-16T20:15:38","slug":"dio-negativo-el-hisopado-del-vecino-de-caleufu","status":"publish","type":"post","link":"https:\/\/oasisfm935.com.ar\/site\/dio-negativo-el-hisopado-del-vecino-de-caleufu\/","title":{"rendered":"Dio negativo el hisopado del vecino de Caleuf\u00fa"},"content":{"rendered":"<p>Dio negativo el hisopado del camionero de Caleuf\u00fa que a un test r\u00e1pido en un control de Huinca Renanc\u00f3 hab\u00eda dado positivo. Desde Salud P\u00fablica indicaron que:\u00a0<strong>\u00abEl caso caso del vecino de Caleuf\u00fa est\u00e1 incluido en el el parte de las 32 muestras analizadas en el Hospital Gobernador Centeno\u00bb<\/strong>.<\/p>\n<p>Un hombre de Caleuf\u00fa dio positivo a un test r\u00e1pido realizado en la localidad cordobesa de Huinca Renanc\u00f3.\u00a0<strong>El caso fue publicado ayer por Zonal Noticias.<\/strong><\/p>\n<p>Desde el Ministerio de Salud aclararon que ese mismo an\u00e1lisis realizado en la provincia mediante un hisopado en el hospital Gobernador Centeno de Pico, dio\u00a0<strong>\u00abnegativo\u00bb.<\/strong><\/p>\n<blockquote class=\"wp-block-quote\"><p><strong>\u00abEl caso caso del vecino de Caleuf\u00fa est\u00e1 incluido en el el parte de las 32 muestras analizadas en el Hospital Gobernador Centeno\u00bb<\/strong>, aclar\u00f3 este domingo a la tarde una fuente oficial.<\/p><\/blockquote>\n<p>El vecino de Caleuf\u00fa llev\u00f3 le\u00f1a a Huinca Renanc\u00f3 sorteando puestos de control, pero fue interceptado por la Patrulla Rural en una calle p\u00fablica de la localidad cordobesa.\u00a0Tambi\u00e9n hab\u00edan aislado, a modo de prevenci\u00f3n, a una familia de Huinca que tuvo contacto con \u00e9l.<\/p>\n<p>Seg\u00fan la informaci\u00f3n policial, \u201cel hombre se conduc\u00eda en un cami\u00f3n con acoplado. Se lo condujo hasta el puesto de control sobre ruta 35 con las medidas de seguridad, donde le realizaron dos test r\u00e1pidos de Covid19 y ambos dieron positivos\u201d.<\/p>\n<p>Seg\u00fan se\u00f1al\u00f3 la Polic\u00eda cordobesa, \u201c<strong>el chofer fue encapsulado y trasladado hacia La Pampa donde lo esperaba la Polic\u00eda pampeana\u201d.<\/strong><\/p>\n<p>Adem\u00e1s se inform\u00f3 que una familia de la localidad de Huinca Renanc\u00f3 qued\u00f3 aislada por prevenci\u00f3n, ya que tuvo contacto estrecho con esta persona.<\/p>\n<div class=\"oasis-despues-del-contenido\" id=\"oasis-3192358541\"><img loading=\"lazy\" decoding=\"async\" src=\"https:\/\/oasisfm935.com.ar\/site\/wp-content\/uploads\/2020\/08\/47806202-8741-49f2-a5c9-d2f930e5baa1.jpg\" alt=\"\"  srcset=\"https:\/\/oasisfm935.com.ar\/site\/wp-content\/uploads\/2020\/08\/47806202-8741-49f2-a5c9-d2f930e5baa1.jpg 1080w, https:\/\/oasisfm935.com.ar\/site\/wp-content\/uploads\/2020\/08\/47806202-8741-49f2-a5c9-d2f930e5baa1-300x300.jpg 300w, https:\/\/oasisfm935.com.ar\/site\/wp-content\/uploads\/2020\/08\/47806202-8741-49f2-a5c9-d2f930e5baa1-1024x1024.jpg 1024w, https:\/\/oasisfm935.com.ar\/site\/wp-content\/uploads\/2020\/08\/47806202-8741-49f2-a5c9-d2f930e5baa1-150x150.jpg 150w, https:\/\/oasisfm935.com.ar\/site\/wp-content\/uploads\/2020\/08\/47806202-8741-49f2-a5c9-d2f930e5baa1-768x768.jpg 768w\" sizes=\"(max-width: 1080px) 100vw, 1080px\" class=\"no-lazyload\" width=\"1080\" height=\"1080\"  style=\"display: inline-block;\" \/><\/div>","protected":false},"excerpt":{"rendered":"<p>Dio negativo el hisopado del camionero de Caleuf\u00fa que a un test r\u00e1pido en un control de Huinca Renanc\u00f3 hab\u00eda dado positivo.<\/p>\n","protected":false},"author":4,"featured_media":6286,"comment_status":"closed","ping_status":"open","sticky":false,"template":"","format":"standard","meta":{"colormag_page_layout":"default_layout","footnotes":""},"categories":[2],"tags":[],"class_list":["post-6285","post","type-post","status-publish","format-standard","has-post-thumbnail","hentry","category-noticias"],"_links":{"self":[{"href":"https:\/\/oasisfm935.com.ar\/site\/wp-json\/wp\/v2\/posts\/6285","targetHints":{"allow":["GET"]}}],"collection":[{"href":"https:\/\/oasisfm935.com.ar\/site\/wp-json\/wp\/v2\/posts"}],"about":[{"href":"https:\/\/oasisfm935.com.ar\/site\/wp-json\/wp\/v2\/types\/post"}],"author":[{"embeddable":true,"href":"https:\/\/oasisfm935.com.ar\/site\/wp-json\/wp\/v2\/users\/4"}],"replies":[{"embeddable":true,"href":"https:\/\/oasisfm935.com.ar\/site\/wp-json\/wp\/v2\/comments?post=6285"}],"version-history":[{"count":1,"href":"https:\/\/oasisfm935.com.ar\/site\/wp-json\/wp\/v2\/posts\/6285\/revisions"}],"predecessor-version":[{"id":6287,"href":"https:\/\/oasisfm935.com.ar\/site\/wp-json\/wp\/v2\/posts\/6285\/revisions\/6287"}],"wp:featuredmedia":[{"embeddable":true,"href":"https:\/\/oasisfm935.com.ar\/site\/wp-json\/wp\/v2\/media\/6286"}],"wp:attachment":[{"href":"https:\/\/oasisfm935.com.ar\/site\/wp-json\/wp\/v2\/media?parent=6285"}],"wp:term":[{"taxonomy":"category","embeddable":true,"href":"https:\/\/oasisfm935.com.ar\/site\/wp-json\/wp\/v2\/categories?post=6285"},{"taxonomy":"post_tag","embeddable":true,"href":"https:\/\/oasisfm935.com.ar\/site\/wp-json\/wp\/v2\/tags?post=6285"}],"curies":[{"name":"wp","href":"https:\/\/api.w.org\/{rel}","templated":true}]}}