{"id":6289,"date":"2020-08-16T19:19:36","date_gmt":"2020-08-16T22:19:36","guid":{"rendered":"http:\/\/oasisfm935.com\/site\/?p=6289"},"modified":"2020-08-16T19:19:37","modified_gmt":"2020-08-16T22:19:37","slug":"la-pampa-covid-19-una-persona-del-equipo-de-salud-en-santa-rosa-tiene-coronavirus","status":"publish","type":"post","link":"https:\/\/oasisfm935.com.ar\/site\/la-pampa-covid-19-una-persona-del-equipo-de-salud-en-santa-rosa-tiene-coronavirus\/","title":{"rendered":"La Pampa COVID-19: Una persona del equipo de Salud en Santa Rosa tiene coronavirus."},"content":{"rendered":"<p>El Gobierno provincial inform\u00f3 que este domingo<strong>\u00a0dio positivo para coronavirus Covid-19 una persona del equipo de Salud que reside en Santa Rosa.<\/strong><\/p>\n<p>Seg\u00fan se comunic\u00f3,\u00a0<strong>esta tarde se analizaron 32\u00a0<\/strong>muestras en el laboratorio Central de la Direcci\u00f3n de Epidemiolog\u00eda y en los laboratorios de Bacteriolog\u00eda del Hospital Gobernador Centeno y del Hospital Lucio Molas.<\/p>\n<p>Una de esas muestras dio positiva para Covid-19. \u00ab<strong>Esa persona se encuentra aislada, como as\u00ed tambi\u00e9n sus 7 contactos estrechos\u00bb, inform\u00f3 el Ministerio de Salud.<\/strong><\/p>\n<p>En tanto,<strong>\u00a0hoy se han recuperado un total de 24 personas: 23 residentes en la localidad de Santa Rosa y 1 de Catril\u00f3.<\/strong><\/p>\n<p>Desde el inicio de la pandemia, en nuestra provincia, se registraron un total\u00a0<strong>183 casos positivos<\/strong>\u00a0para Covid-19, de los cuales 163 se han recuperado y\u00a0<strong>20 permanecen activos<\/strong>.<\/p>\n<p>Los activos est\u00e1n distribuidos de la siguiente manera:<strong>\u00a09 en Pico, 4 en Catril\u00f3, 3 en Santa Rosa, 2 en La Adela, 1 en Alta Italia y 1 en Realic\u00f3.<\/strong><\/p>\n<p>Los\u00a0<strong>contactos estrechos de los casos confirmados son 140<\/strong>\u00a0y se encuentran cumpliendo aislamiento estricto.<\/p>\n<p>Seg\u00fan inform\u00f3 Salud, desde el inicio de la pandemia\u00a0<strong>al d\u00eda de hoy se les ha tomado muestra a trav\u00e9s del hisopado nasofar\u00edngeo en La Pampa a 2702 personas.<\/strong><\/p>\n<p>El caso positivo detectado el d\u00eda 13 de agosto en la localidad de Realic\u00f3 contin\u00faa cumpliendo \u00abestricto aislamiento\u00bb, con criterios de enfermedad leve, sin factores de riesgo, con buena evoluci\u00f3n cl\u00ednica y de laboratorio. \u00abSe encuentra en seguimiento por el equipo m\u00e9dico local, en coordinaci\u00f3n con la Direcci\u00f3n de Epidemiologia y profesionales del Hospital Lucio Molas\u00bb, dijo Salud en su reporte.<\/p>\n<p>Actualmente\u00a0<strong>se encuentran internadas un total de 5 personas confirmadas para coronavirus<\/strong>. \u00abEn General Pico hay 3 personas en el Hospital Gobernador Centeno, de las cuales 2 permanecen con estado moderado y 1 persona en estado grave (estable) con pron\u00f3stico reservado. Y en el Centro Emergente de Asistencia Respiratoria de la localidad de Santa Rosa, se encuentran internadas 2 personas en Terapia Intensiva con estado grave (estable)\u00bb, comunic\u00f3 el Ministerio de Salud.<\/p>\n<div class=\"oasis-despues-del-contenido\" id=\"oasis-1910042159\"><img loading=\"lazy\" decoding=\"async\" src=\"https:\/\/oasisfm935.com.ar\/site\/wp-content\/uploads\/2020\/08\/47806202-8741-49f2-a5c9-d2f930e5baa1.jpg\" alt=\"\"  srcset=\"https:\/\/oasisfm935.com.ar\/site\/wp-content\/uploads\/2020\/08\/47806202-8741-49f2-a5c9-d2f930e5baa1.jpg 1080w, https:\/\/oasisfm935.com.ar\/site\/wp-content\/uploads\/2020\/08\/47806202-8741-49f2-a5c9-d2f930e5baa1-300x300.jpg 300w, https:\/\/oasisfm935.com.ar\/site\/wp-content\/uploads\/2020\/08\/47806202-8741-49f2-a5c9-d2f930e5baa1-1024x1024.jpg 1024w, https:\/\/oasisfm935.com.ar\/site\/wp-content\/uploads\/2020\/08\/47806202-8741-49f2-a5c9-d2f930e5baa1-150x150.jpg 150w, https:\/\/oasisfm935.com.ar\/site\/wp-content\/uploads\/2020\/08\/47806202-8741-49f2-a5c9-d2f930e5baa1-768x768.jpg 768w\" sizes=\"(max-width: 1080px) 100vw, 1080px\" class=\"no-lazyload\" width=\"1080\" height=\"1080\"  style=\"display: inline-block;\" \/><\/div>","protected":false},"excerpt":{"rendered":"<p>El Gobierno provincial inform\u00f3 que este domingo\u00a0dio positivo para coronavirus Covid-19 una persona del equipo de Salud que reside en Santa Rosa.<\/p>\n","protected":false},"author":4,"featured_media":6290,"comment_status":"closed","ping_status":"open","sticky":false,"template":"","format":"standard","meta":{"colormag_page_layout":"default_layout","footnotes":""},"categories":[2],"tags":[],"class_list":["post-6289","post","type-post","status-publish","format-standard","has-post-thumbnail","hentry","category-noticias"],"_links":{"self":[{"href":"https:\/\/oasisfm935.com.ar\/site\/wp-json\/wp\/v2\/posts\/6289","targetHints":{"allow":["GET"]}}],"collection":[{"href":"https:\/\/oasisfm935.com.ar\/site\/wp-json\/wp\/v2\/posts"}],"about":[{"href":"https:\/\/oasisfm935.com.ar\/site\/wp-json\/wp\/v2\/types\/post"}],"author":[{"embeddable":true,"href":"https:\/\/oasisfm935.com.ar\/site\/wp-json\/wp\/v2\/users\/4"}],"replies":[{"embeddable":true,"href":"https:\/\/oasisfm935.com.ar\/site\/wp-json\/wp\/v2\/comments?post=6289"}],"version-history":[{"count":1,"href":"https:\/\/oasisfm935.com.ar\/site\/wp-json\/wp\/v2\/posts\/6289\/revisions"}],"predecessor-version":[{"id":6291,"href":"https:\/\/oasisfm935.com.ar\/site\/wp-json\/wp\/v2\/posts\/6289\/revisions\/6291"}],"wp:featuredmedia":[{"embeddable":true,"href":"https:\/\/oasisfm935.com.ar\/site\/wp-json\/wp\/v2\/media\/6290"}],"wp:attachment":[{"href":"https:\/\/oasisfm935.com.ar\/site\/wp-json\/wp\/v2\/media?parent=6289"}],"wp:term":[{"taxonomy":"category","embeddable":true,"href":"https:\/\/oasisfm935.com.ar\/site\/wp-json\/wp\/v2\/categories?post=6289"},{"taxonomy":"post_tag","embeddable":true,"href":"https:\/\/oasisfm935.com.ar\/site\/wp-json\/wp\/v2\/tags?post=6289"}],"curies":[{"name":"wp","href":"https:\/\/api.w.org\/{rel}","templated":true}]}}