{"id":6302,"date":"2020-08-17T17:07:56","date_gmt":"2020-08-17T20:07:56","guid":{"rendered":"http:\/\/oasisfm935.com\/site\/?p=6302"},"modified":"2020-08-17T17:07:56","modified_gmt":"2020-08-17T20:07:56","slug":"la-pampa-covid-19-de-13-muestras-analizadas-1-resulto-positiva-se-trata-de-una-persona-de-macachin","status":"publish","type":"post","link":"https:\/\/oasisfm935.com.ar\/site\/la-pampa-covid-19-de-13-muestras-analizadas-1-resulto-positiva-se-trata-de-una-persona-de-macachin\/","title":{"rendered":"La Pampa COVID-19: de 13 muestras analizadas 1 result\u00f3 positiva Se trata de una persona de Macach\u00edn."},"content":{"rendered":"<p>Se trata de una persona de Macach\u00edn que regres\u00f3 de Buenos Aires.<\/p>\n<p>El\u00a0 Gobierno de la Provincia de La Pampa a trav\u00e9s del Ministerio de Salud comunica que en la tarde del 17 de agosto de 13 muestras analizadas en el laboratorio Central de la Direcci\u00f3n de Epidemiolog\u00eda, 1 result\u00f3 positiva para COVID-19.<\/p>\n<p>Se trata de una persona residente en la ciudad de Macach\u00edn, que regres\u00f3 a la localidad el d\u00eda 13 de agosto, luego de cursar una enfermedad de internaci\u00f3n prolongada en un establecimiento de salud de CABA.<\/p>\n<p>El paciente desde su regreso a La Pampa se mantuvo en aislamiento estricto, hasta que debi\u00f3 ser internado en el d\u00eda de ayer por razones m\u00e9dicas.<\/p>\n<p>En el d\u00eda de la fecha se realiza diagn\u00f3stico de COVID-19 y se decide el traslado al Centro Emergente de Asistencia Respiratoria. Se detectan 3 contactos estrechos, que al igual que el paciente, se mantuvieron en estricto aislamiento desde el regreso a la provincia.<\/p>\n<p><strong>Situaci\u00f3n Provincial<\/strong><br \/>\nEn el d\u00eda de hoy se han recuperado un total de 2\u00a0 personas, 1residente en la localidad de General Pico y 1 en La Adela.<br \/>\nDesde el inicio de la pandemia, en nuestra Provincia, se registraron un total 184 casos positivos para COVID-19, de los cuales 165 se han recuperado y 19 permanecen\u00a0 activos. Estos \u00faltimos est\u00e1n distribuidos de la siguiente manera: 3 en la ciudad de Santa Rosa, 8 en General Pico, 4 en Catril\u00f3, 1 en La Adela 1 en Alta Italia, 1 en Realic\u00f3 y 1 Macach\u00edn.<br \/>\nLos contactos estrechos de los casos confirmados son 125 y se encuentran cumpliendo aislamiento estricto, los mismos\u00a0 son monitoreados por personal de salud.<br \/>\nAl d\u00eda de la fecha \u00a0se les ha tomado muestra a trav\u00e9s del hisopado nasofar\u00edngeo en La Pampa\u00a0 a\u00a0 2715 personas.<br \/>\nEn el d\u00eda de la fecha se encuentran\u00a0 internadas un total de 5 personas confirmadas para COVID-19.\u00a0 En General Pico 3 personas en el Hospital Gobernador Centeno, de las cuales\u00a0 2 permanecen con estado moderado y 1 persona en estado grave (estable) con pron\u00f3stico reservado. En el Centro Emergente de Asistencia Respiratoria de la localidad de Santa Rosa, se encuentran internadas\u00a0 2 personas en Terapia Intensiva con estado grave (estable).<\/p>\n<div class=\"oasis-despues-del-contenido\" id=\"oasis-489044913\"><img loading=\"lazy\" decoding=\"async\" src=\"https:\/\/oasisfm935.com.ar\/site\/wp-content\/uploads\/2020\/08\/47806202-8741-49f2-a5c9-d2f930e5baa1.jpg\" alt=\"\"  srcset=\"https:\/\/oasisfm935.com.ar\/site\/wp-content\/uploads\/2020\/08\/47806202-8741-49f2-a5c9-d2f930e5baa1.jpg 1080w, https:\/\/oasisfm935.com.ar\/site\/wp-content\/uploads\/2020\/08\/47806202-8741-49f2-a5c9-d2f930e5baa1-300x300.jpg 300w, https:\/\/oasisfm935.com.ar\/site\/wp-content\/uploads\/2020\/08\/47806202-8741-49f2-a5c9-d2f930e5baa1-1024x1024.jpg 1024w, https:\/\/oasisfm935.com.ar\/site\/wp-content\/uploads\/2020\/08\/47806202-8741-49f2-a5c9-d2f930e5baa1-150x150.jpg 150w, https:\/\/oasisfm935.com.ar\/site\/wp-content\/uploads\/2020\/08\/47806202-8741-49f2-a5c9-d2f930e5baa1-768x768.jpg 768w\" sizes=\"(max-width: 1080px) 100vw, 1080px\" class=\"no-lazyload\" width=\"1080\" height=\"1080\"  style=\"display: inline-block;\" \/><\/div>","protected":false},"excerpt":{"rendered":"<p>Se trata de una persona de Macach\u00edn que regres\u00f3 de Buenos Aires. El\u00a0 Gobierno de la Provincia de La Pampa a trav\u00e9s<\/p>\n","protected":false},"author":4,"featured_media":6304,"comment_status":"closed","ping_status":"open","sticky":false,"template":"","format":"standard","meta":{"colormag_page_layout":"default_layout","footnotes":""},"categories":[2],"tags":[],"class_list":["post-6302","post","type-post","status-publish","format-standard","has-post-thumbnail","hentry","category-noticias"],"_links":{"self":[{"href":"https:\/\/oasisfm935.com.ar\/site\/wp-json\/wp\/v2\/posts\/6302","targetHints":{"allow":["GET"]}}],"collection":[{"href":"https:\/\/oasisfm935.com.ar\/site\/wp-json\/wp\/v2\/posts"}],"about":[{"href":"https:\/\/oasisfm935.com.ar\/site\/wp-json\/wp\/v2\/types\/post"}],"author":[{"embeddable":true,"href":"https:\/\/oasisfm935.com.ar\/site\/wp-json\/wp\/v2\/users\/4"}],"replies":[{"embeddable":true,"href":"https:\/\/oasisfm935.com.ar\/site\/wp-json\/wp\/v2\/comments?post=6302"}],"version-history":[{"count":1,"href":"https:\/\/oasisfm935.com.ar\/site\/wp-json\/wp\/v2\/posts\/6302\/revisions"}],"predecessor-version":[{"id":6305,"href":"https:\/\/oasisfm935.com.ar\/site\/wp-json\/wp\/v2\/posts\/6302\/revisions\/6305"}],"wp:featuredmedia":[{"embeddable":true,"href":"https:\/\/oasisfm935.com.ar\/site\/wp-json\/wp\/v2\/media\/6304"}],"wp:attachment":[{"href":"https:\/\/oasisfm935.com.ar\/site\/wp-json\/wp\/v2\/media?parent=6302"}],"wp:term":[{"taxonomy":"category","embeddable":true,"href":"https:\/\/oasisfm935.com.ar\/site\/wp-json\/wp\/v2\/categories?post=6302"},{"taxonomy":"post_tag","embeddable":true,"href":"https:\/\/oasisfm935.com.ar\/site\/wp-json\/wp\/v2\/tags?post=6302"}],"curies":[{"name":"wp","href":"https:\/\/api.w.org\/{rel}","templated":true}]}}