{"id":6307,"date":"2020-08-18T11:54:55","date_gmt":"2020-08-18T14:54:55","guid":{"rendered":"http:\/\/oasisfm935.com\/site\/?p=6307"},"modified":"2020-08-18T11:54:55","modified_gmt":"2020-08-18T14:54:55","slug":"marcha-17a-tambien-hubo-manifestacion-en-ingeniero-luiggi","status":"publish","type":"post","link":"https:\/\/oasisfm935.com.ar\/site\/marcha-17a-tambien-hubo-manifestacion-en-ingeniero-luiggi\/","title":{"rendered":"Marcha 17A: Tambi\u00e9n hubo manifestaci\u00f3n en Ingeniero Luiggi"},"content":{"rendered":"<p>Los vecinos se agruparon en la plaza Manuel Belgrano de Ingeniero Luiggi.<\/p>\n<p>Hubo al menos entre 30 y 40 manifestantes en reclamo al gobierno nacional.<\/p>\n<p>Los luiggenses que se hicieron presente en la plaza Manuel Belgrano, lo hicieron con sus banderas argentinas. De la marcha particip\u00f3 el edil de la UCR Ignacio Cornejo y vecinos en general que decidieron visibilizar su reclamo.<\/p>\n<p><img decoding=\"async\" src=\"https:\/\/zonalnoticias.com\/wp-content\/uploads\/2020\/08\/marcha-17-a-luiggi-2.jpg\" \/><\/p>\n<p><img decoding=\"async\" src=\"https:\/\/zonalnoticias.com\/wp-content\/uploads\/2020\/08\/marcha-17-a-luiggi-3.jpg\" \/><\/p>\n<p>La marcha 17A se realiz\u00f3 respetando el protocolo frente al covid 19, con el distanciamiento social exigido y el uso de barbijos.<\/p>\n<p><img decoding=\"async\" src=\"https:\/\/zonalnoticias.com\/wp-content\/uploads\/2020\/08\/marcha-17-a-luiggi-4.jpg\" \/><\/p>\n<p>Uno de los manifestantes Jorge Poma explic\u00f3 \u00abnos concentramos para manifestar nuestro rechazo a muchas medidas que est\u00e1 tomando el gobierno nacional, que afectan nuestras libertades, no merecemos que nos traten as\u00ed\u00bb.<\/p>\n<p>El manifestante destac\u00f3: \u00ab<strong>no merecemos que nos traten as\u00ed, que nos falten el respeto, nos tengan encerrados y nos mientan, estamos cansados pero queremos manifestar con tranquilidad nuestra opini\u00f3n porque vemos violentados nuestros derechos\u00bb.<\/strong><\/p>\n<p><strong>\u00abEsta manifestaci\u00f3n es sencilla, se hace con respeto hacia nuestros gobernantes y respetando todo el protocolo\u00bb<\/strong>, remarc\u00f3.<\/p>\n<p>\u00abQueremos dejar en claro que en Ingeniero Luiggi es un reclamo apol\u00edtico , somos vecinos autoconvocados\u00bb, se\u00f1al\u00f3 Poma.<\/p>\n<p>El vecino tambi\u00e9n reclam\u00f3\u00a0<strong>\u00abfalta de transparencia\u00bb\u00a0<\/strong>al gobierno local.\u00a0<strong>\u00abEst\u00e1n gobernando con mentiras, en su momento ped\u00ed un informe a la titular del Poder Ejecutivo Local, porque cambiaron la planta de personal, crearon secretar\u00edas y yo quer\u00eda saber cu\u00e1nto era el gasto en empleados en la gesti\u00f3n anterior y cu\u00e1nto en \u00e9sta. Me dijo que me presentaba el informe, pasaron m\u00e1s de siete meses de gesti\u00f3n y a\u00fan no me respondieron\u00bb.<\/strong><\/p>\n<p>\u00abTambi\u00e9n fui al Concejo Deliberante y tampoco hubo respuestas\u00bb, explic\u00f3 Poma.<\/p>\n<p>\u00abA mi criterio no est\u00e1n gobernando para los que los eligieron, es decir para el pueblo, para la ciudadan\u00eda que los vot\u00f3, me parece que as\u00ed no se trabaja con la plata de los otros\u00bb, indic\u00f3.<\/p>\n<p>\u00abEsta gente gobierna con la billetera y no tienen problema en castigar a quienes hablan\u00bb, se\u00f1al\u00f3 Poma en una dura cr\u00edtica a la gesti\u00f3n local.<\/p>\n<p><strong>\u00abTanto que aplaudieron la gesti\u00f3n anterior, cuando lleg\u00f3 esta nueva gesti\u00f3n cambi\u00f3 todo\u00bb,\u00a0<\/strong>cuestion\u00f3 el vecino.<\/p>\n<p>\u00abNos est\u00e1n faltando bastante el respeto, calcul\u00e1 que yo hace siete meses que le ped\u00ed el informe y todav\u00eda sigo esperando. Si alg\u00fan d\u00eda me responden y hacen las cosas bien, tambi\u00e9n lo dir\u00e9 pero hoy no es as\u00ed\u00bb, coment\u00f3 el manifestante a Fm Oasis<strong>\u00a0y Zonal <\/strong><strong>Noticias.<\/strong><\/p>\n<p><strong>\u00abLa Rep\u00fablica est\u00e1 en peligro\u00bb<\/strong><\/p>\n<p>Otra de las manifestantes plante\u00f3: \u00abLa Rep\u00fablica est\u00e1 en peligro, est\u00e1n avasallando nuestros derechos, sobre todo la libertad y la Constituci\u00f3n\u00bb.<\/p>\n<p>Otra de las vecinas presentes plante\u00f3\u00a0<strong>\u00abMe siento muy estafada por el gobierno nacional por querer cambiar la Constituci\u00f3n\u00bb,<\/strong>\u00a0se\u00f1al\u00f3.<\/p>\n<p>Otra de las presentes expres\u00f3: \u00ab<strong>yo marcho por la igualdad y el derecho al trabajo\u00bb.<\/strong><\/p>\n<p>Otros de los manifestantes del 17A coincidieron en marchar<strong>\u00a0\u00aben contra de la reforma judicial<\/strong>,\u00a0<strong>la impunidad y en favor de la libertad\u00bb.<\/strong><\/p>\n<div class=\"oasis-despues-del-contenido\" id=\"oasis-3769530840\"><img loading=\"lazy\" decoding=\"async\" src=\"https:\/\/oasisfm935.com.ar\/site\/wp-content\/uploads\/2020\/08\/47806202-8741-49f2-a5c9-d2f930e5baa1.jpg\" alt=\"\"  srcset=\"https:\/\/oasisfm935.com.ar\/site\/wp-content\/uploads\/2020\/08\/47806202-8741-49f2-a5c9-d2f930e5baa1.jpg 1080w, https:\/\/oasisfm935.com.ar\/site\/wp-content\/uploads\/2020\/08\/47806202-8741-49f2-a5c9-d2f930e5baa1-300x300.jpg 300w, https:\/\/oasisfm935.com.ar\/site\/wp-content\/uploads\/2020\/08\/47806202-8741-49f2-a5c9-d2f930e5baa1-1024x1024.jpg 1024w, https:\/\/oasisfm935.com.ar\/site\/wp-content\/uploads\/2020\/08\/47806202-8741-49f2-a5c9-d2f930e5baa1-150x150.jpg 150w, https:\/\/oasisfm935.com.ar\/site\/wp-content\/uploads\/2020\/08\/47806202-8741-49f2-a5c9-d2f930e5baa1-768x768.jpg 768w\" sizes=\"(max-width: 1080px) 100vw, 1080px\" class=\"no-lazyload\" width=\"1080\" height=\"1080\"  style=\"display: inline-block;\" \/><\/div>","protected":false},"excerpt":{"rendered":"<p>Los vecinos se agruparon en la plaza Manuel Belgrano de Ingeniero Luiggi. Hubo al menos entre 30 y 40 manifestantes en reclamo<\/p>\n","protected":false},"author":4,"featured_media":6308,"comment_status":"closed","ping_status":"open","sticky":false,"template":"","format":"standard","meta":{"colormag_page_layout":"default_layout","footnotes":""},"categories":[2],"tags":[],"class_list":["post-6307","post","type-post","status-publish","format-standard","has-post-thumbnail","hentry","category-noticias"],"_links":{"self":[{"href":"https:\/\/oasisfm935.com.ar\/site\/wp-json\/wp\/v2\/posts\/6307","targetHints":{"allow":["GET"]}}],"collection":[{"href":"https:\/\/oasisfm935.com.ar\/site\/wp-json\/wp\/v2\/posts"}],"about":[{"href":"https:\/\/oasisfm935.com.ar\/site\/wp-json\/wp\/v2\/types\/post"}],"author":[{"embeddable":true,"href":"https:\/\/oasisfm935.com.ar\/site\/wp-json\/wp\/v2\/users\/4"}],"replies":[{"embeddable":true,"href":"https:\/\/oasisfm935.com.ar\/site\/wp-json\/wp\/v2\/comments?post=6307"}],"version-history":[{"count":1,"href":"https:\/\/oasisfm935.com.ar\/site\/wp-json\/wp\/v2\/posts\/6307\/revisions"}],"predecessor-version":[{"id":6309,"href":"https:\/\/oasisfm935.com.ar\/site\/wp-json\/wp\/v2\/posts\/6307\/revisions\/6309"}],"wp:featuredmedia":[{"embeddable":true,"href":"https:\/\/oasisfm935.com.ar\/site\/wp-json\/wp\/v2\/media\/6308"}],"wp:attachment":[{"href":"https:\/\/oasisfm935.com.ar\/site\/wp-json\/wp\/v2\/media?parent=6307"}],"wp:term":[{"taxonomy":"category","embeddable":true,"href":"https:\/\/oasisfm935.com.ar\/site\/wp-json\/wp\/v2\/categories?post=6307"},{"taxonomy":"post_tag","embeddable":true,"href":"https:\/\/oasisfm935.com.ar\/site\/wp-json\/wp\/v2\/tags?post=6307"}],"curies":[{"name":"wp","href":"https:\/\/api.w.org\/{rel}","templated":true}]}}