{"id":6313,"date":"2020-08-18T12:48:20","date_gmt":"2020-08-18T15:48:20","guid":{"rendered":"http:\/\/oasisfm935.com\/site\/?p=6313"},"modified":"2020-08-18T12:48:20","modified_gmt":"2020-08-18T15:48:20","slug":"el-14-de-setiembre-vuelven-las-clases-presenciales-en-la-pampa","status":"publish","type":"post","link":"https:\/\/oasisfm935.com.ar\/site\/el-14-de-setiembre-vuelven-las-clases-presenciales-en-la-pampa\/","title":{"rendered":"El 14 de setiembre vuelven las clases presenciales en La Pampa"},"content":{"rendered":"<p>El 14 de septiembre ser\u00e1 la vuelta a clases presencial, \u00a0dando prioridad a aquellos estudiantes con los que no se logr\u00f3 sostener el v\u00ednculo pedag\u00f3gico. Antes, y progresivamente, regresar\u00e1n a los establecimientos directivos y docentes, y La implementaci\u00f3n en toda La Pampa ser\u00e1 gradual y estar\u00e1 vinculada a la evoluci\u00f3n epidemiol\u00f3gica de la provincia.<\/p>\n<p>La decisi\u00f3n fue consensuada con los tres gremios que nuclean trabajadores del sector docente y avalada por el ministro nacional de Educaci\u00f3n, Nicol\u00e1s Trotta. \u00a0El cronograma que permite la vuelta a las aulas en forma escalonada en La Pampa fue informado por el gobernador Sergio Ziliotto y el ministro de Educaci\u00f3n Pablo Maccione al titular de la cartera educativa nacional, Nicol\u00e1s Trotta, quien aval\u00f3 la decisi\u00f3n\u00a0 y la metodolog\u00eda a aplicar.<\/p>\n<p>El funcionario nacional valor\u00f3 que La Pampa sea \u201cla primer provincia de la Patagonia en retomar progresivamente el sistema presencial de clases\u201d y garantiz\u00f3 \u201cel acompa\u00f1amiento, con la mayor presencia posible\u201d en el proceso de ingresar con el sistema educativo en el esquema de nueva normalidad que plant\u00f3 la pandemia.<\/p>\n<p><strong>Reuni\u00f3n con UTELPA, AMET Y SADOP<\/strong><\/p>\n<p>En horas de la ma\u00f1ana de hoy, el Ministro de Educaci\u00f3n y las Subsecretarias de Educaci\u00f3n y de Educaci\u00f3n T\u00e9cnico Profesional se reunieron con los representantes de los gremios docentes (Utelpa, Amet y Sadop) para informar y\u00a0 dialogar sobre la vuelta escalonada a clases presenciales en la provincia de La Pampa.<\/p>\n<p>En ese marco se dio a conocer que\u00a0<strong>a partir del lunes 24 de agosto se convocar\u00e1 a los equipos directivos de los establecimientos educativos y el 31 de agosto a docentes en forma presencial a las instituciones educativas, siempre respetando el distanciamiento social y todas aquellas medidas tendientes a cuidar la salud de toda la comunidad educativa. En este caso no volver\u00e1n todos los agentes juntos, todos los d\u00edas, y en todo el horario.<\/strong><\/p>\n<p>El objetivo de esa reincorporaci\u00f3n presencial es avanzar con todos los equipos docentes en la organizaci\u00f3n pedag\u00f3gica de cada instituci\u00f3n y la reorganizaci\u00f3n de la ense\u00f1anza en tiempos de pandemia, adem\u00e1s de tomar contacto con los protocolos necesarios para el cuidado de la salud de la comunidad educativa.<\/p>\n<div class=\"google-auto-placed ap_container\"><\/div>\n<p><strong>Asimismo, desde el 14 de Septiembre volver\u00e1n a clases presenciales El esquema de organizaci\u00f3n prev\u00e9 darle prioridad\u00a0 a los estudiantes con los que no se logr\u00f3 sostener el v\u00ednculo pedag\u00f3gico.<\/strong><br \/>\nEn un trabajo en conjunto, cada equipo directivo de las escuelas y colegios acordar\u00e1 con los docentes los modos de ese retorno en cuanto a d\u00edas y horarios, siempre teniendo en cuenta lo establecido por las distintas normativas vigentes a partir de la pandemia de Covid-19.<\/p>\n<p>El protocolo a tener en cuenta en esta vuelta a clases presenciales es elaborado por la \u00a0Comisi\u00f3n Mixta de Salud y Seguridad en el Trabajo.\u00a0<strong>El objetivo del mismo es \u00a0cuidar la salud de toda la comunidad educativa y asegurar las condiciones necesarias para el progresivo retorno a la presencialidad<\/strong>\u00a0de forma escalonada tanto de alumnos como docentes y no docentes.<\/p>\n<p>Cabe destacar que si el \u00e1rea de Epidemiologia recomendara en alguna localidad en particular no volver a la presencialidad a\u00fan, se respetar\u00e1n esas disposiciones para cuidado de la salud de alumnos, directivos, docentes y personal no docente.<\/p>\n<div class=\"oasis-despues-del-contenido\" id=\"oasis-3966320160\"><img loading=\"lazy\" decoding=\"async\" src=\"https:\/\/oasisfm935.com.ar\/site\/wp-content\/uploads\/2020\/08\/47806202-8741-49f2-a5c9-d2f930e5baa1.jpg\" alt=\"\"  srcset=\"https:\/\/oasisfm935.com.ar\/site\/wp-content\/uploads\/2020\/08\/47806202-8741-49f2-a5c9-d2f930e5baa1.jpg 1080w, https:\/\/oasisfm935.com.ar\/site\/wp-content\/uploads\/2020\/08\/47806202-8741-49f2-a5c9-d2f930e5baa1-300x300.jpg 300w, https:\/\/oasisfm935.com.ar\/site\/wp-content\/uploads\/2020\/08\/47806202-8741-49f2-a5c9-d2f930e5baa1-1024x1024.jpg 1024w, https:\/\/oasisfm935.com.ar\/site\/wp-content\/uploads\/2020\/08\/47806202-8741-49f2-a5c9-d2f930e5baa1-150x150.jpg 150w, https:\/\/oasisfm935.com.ar\/site\/wp-content\/uploads\/2020\/08\/47806202-8741-49f2-a5c9-d2f930e5baa1-768x768.jpg 768w\" sizes=\"(max-width: 1080px) 100vw, 1080px\" class=\"no-lazyload\" width=\"1080\" height=\"1080\"  style=\"display: inline-block;\" \/><\/div>","protected":false},"excerpt":{"rendered":"<p>El 14 de septiembre ser\u00e1 la vuelta a clases presencial, \u00a0dando prioridad a aquellos estudiantes con los que no se logr\u00f3 sostener<\/p>\n","protected":false},"author":4,"featured_media":6314,"comment_status":"closed","ping_status":"open","sticky":false,"template":"","format":"standard","meta":{"colormag_page_layout":"default_layout","footnotes":""},"categories":[2],"tags":[],"class_list":["post-6313","post","type-post","status-publish","format-standard","has-post-thumbnail","hentry","category-noticias"],"_links":{"self":[{"href":"https:\/\/oasisfm935.com.ar\/site\/wp-json\/wp\/v2\/posts\/6313","targetHints":{"allow":["GET"]}}],"collection":[{"href":"https:\/\/oasisfm935.com.ar\/site\/wp-json\/wp\/v2\/posts"}],"about":[{"href":"https:\/\/oasisfm935.com.ar\/site\/wp-json\/wp\/v2\/types\/post"}],"author":[{"embeddable":true,"href":"https:\/\/oasisfm935.com.ar\/site\/wp-json\/wp\/v2\/users\/4"}],"replies":[{"embeddable":true,"href":"https:\/\/oasisfm935.com.ar\/site\/wp-json\/wp\/v2\/comments?post=6313"}],"version-history":[{"count":1,"href":"https:\/\/oasisfm935.com.ar\/site\/wp-json\/wp\/v2\/posts\/6313\/revisions"}],"predecessor-version":[{"id":6315,"href":"https:\/\/oasisfm935.com.ar\/site\/wp-json\/wp\/v2\/posts\/6313\/revisions\/6315"}],"wp:featuredmedia":[{"embeddable":true,"href":"https:\/\/oasisfm935.com.ar\/site\/wp-json\/wp\/v2\/media\/6314"}],"wp:attachment":[{"href":"https:\/\/oasisfm935.com.ar\/site\/wp-json\/wp\/v2\/media?parent=6313"}],"wp:term":[{"taxonomy":"category","embeddable":true,"href":"https:\/\/oasisfm935.com.ar\/site\/wp-json\/wp\/v2\/categories?post=6313"},{"taxonomy":"post_tag","embeddable":true,"href":"https:\/\/oasisfm935.com.ar\/site\/wp-json\/wp\/v2\/tags?post=6313"}],"curies":[{"name":"wp","href":"https:\/\/api.w.org\/{rel}","templated":true}]}}