{"id":6323,"date":"2020-08-18T19:11:16","date_gmt":"2020-08-18T22:11:16","guid":{"rendered":"http:\/\/oasisfm935.com\/site\/?p=6323"},"modified":"2020-08-18T19:12:29","modified_gmt":"2020-08-18T22:12:29","slug":"la-pampa-covid-19-no-hay-nuevos-positivos-y-solo-quedan-17-activos","status":"publish","type":"post","link":"https:\/\/oasisfm935.com.ar\/site\/la-pampa-covid-19-no-hay-nuevos-positivos-y-solo-quedan-17-activos\/","title":{"rendered":"La Pampa COVID-19: no hay nuevos positivos y solo quedan 17 activos"},"content":{"rendered":"<p class=\"lead nota-detalle-bajada\">El Gobierno de la provincia de La Pampa a trav\u00e9s del Ministerio de Salud comunic\u00f3 que en la tarde del 18 de agosto, 15 muestras analizadas en el laboratorio Central de la Direcci\u00f3n de Epidemiolog\u00eda y en los laboratorios de Bacteriolog\u00eda del Hospital Lucio Molas y Gobernador Centeno, resultaron negativas para COVID-19.<\/p>\n<div class=\"nota-detalle-cuerpo\">\n<p>En el d\u00eda de la fecha, en el barrio R\u00edo Atuel, se llev\u00f3 a cabo el programa \u201cB\u00fasqueda Activa\u201d. A trav\u00e9s del mismo se realiz\u00f3 un relevamiento en 94 domicilios, d\u00f3nde se entrevistaron 139 personas. De la investigaci\u00f3n en terreno surgi\u00f3 que 2 personas presentaban s\u00edntomas de enfermedades respiratorias. Por este motivo se les realiz\u00f3 el hisopado correspondiente y aisl\u00f3 preventivamente a los pacientes y sus grupos familiares, a la espera de los resultados del laboratorio.<\/p>\n<p><strong>Situaci\u00f3n provincial<\/strong><br \/>\nEn el d\u00eda de hoy se han recuperado un total de 2 personas, 1 residente en la ciudad de General Pico y 1 en Alta Italia.<br \/>\nDesde el inicio de la pandemia, en la Provincia se registraron un total 184 casos positivos para COVID-19, de los cuales 167 se recuperaron y 17 permanecen activos. Estos \u00faltimos est\u00e1n distribuidos de la siguiente manera: 3 en la ciudad de Santa Rosa, 7 en General Pico, 4 en Catril\u00f3, 1 en La Adela, 1 en Realic\u00f3 y 1 en Macach\u00edn.<\/p>\n<p>Los contactos estrechos de los casos confirmados son 93 y se encuentran cumpliendo aislamiento estricto, los mismos son monitoreados por personal de Salud P\u00fablica. Al d\u00eda de la fecha\u00a0en La Pampa, se les ha tomado muestra a trav\u00e9s del hisopado nasofar\u00edngeo a 2730 personas.<\/p>\n<p>Actualmente se encuentran internadas un total de 6 personas confirmadas positivo para COVID-19. En General Pico 3 personas en el Establecimiento Asistencial Gobernador Centeno, de las cuales 2 permanecen con estado moderado y 1 persona en estado grave (estable) con pron\u00f3stico reservado. En el Centro Emergente de Asistencia Respiratoria (CEAR) de la ciudad de Santa Rosa, se encuentran internadas 3 personas, 2 en terapia intensiva con estado grave (estable) y 1 en cl\u00ednica m\u00e9dica.<\/p>\n<\/div>\n<div class=\"oasis-despues-del-contenido\" id=\"oasis-4239869172\"><img loading=\"lazy\" decoding=\"async\" src=\"https:\/\/oasisfm935.com.ar\/site\/wp-content\/uploads\/2020\/08\/47806202-8741-49f2-a5c9-d2f930e5baa1.jpg\" alt=\"\"  srcset=\"https:\/\/oasisfm935.com.ar\/site\/wp-content\/uploads\/2020\/08\/47806202-8741-49f2-a5c9-d2f930e5baa1.jpg 1080w, https:\/\/oasisfm935.com.ar\/site\/wp-content\/uploads\/2020\/08\/47806202-8741-49f2-a5c9-d2f930e5baa1-300x300.jpg 300w, https:\/\/oasisfm935.com.ar\/site\/wp-content\/uploads\/2020\/08\/47806202-8741-49f2-a5c9-d2f930e5baa1-1024x1024.jpg 1024w, https:\/\/oasisfm935.com.ar\/site\/wp-content\/uploads\/2020\/08\/47806202-8741-49f2-a5c9-d2f930e5baa1-150x150.jpg 150w, https:\/\/oasisfm935.com.ar\/site\/wp-content\/uploads\/2020\/08\/47806202-8741-49f2-a5c9-d2f930e5baa1-768x768.jpg 768w\" sizes=\"(max-width: 1080px) 100vw, 1080px\" class=\"no-lazyload\" width=\"1080\" height=\"1080\"  style=\"display: inline-block;\" \/><\/div>","protected":false},"excerpt":{"rendered":"<p>El Gobierno de la provincia de La Pampa a trav\u00e9s del Ministerio de Salud comunic\u00f3 que en la tarde del 18 de<\/p>\n","protected":false},"author":4,"featured_media":6324,"comment_status":"closed","ping_status":"open","sticky":false,"template":"","format":"standard","meta":{"colormag_page_layout":"default_layout","footnotes":""},"categories":[2],"tags":[],"class_list":["post-6323","post","type-post","status-publish","format-standard","has-post-thumbnail","hentry","category-noticias"],"_links":{"self":[{"href":"https:\/\/oasisfm935.com.ar\/site\/wp-json\/wp\/v2\/posts\/6323","targetHints":{"allow":["GET"]}}],"collection":[{"href":"https:\/\/oasisfm935.com.ar\/site\/wp-json\/wp\/v2\/posts"}],"about":[{"href":"https:\/\/oasisfm935.com.ar\/site\/wp-json\/wp\/v2\/types\/post"}],"author":[{"embeddable":true,"href":"https:\/\/oasisfm935.com.ar\/site\/wp-json\/wp\/v2\/users\/4"}],"replies":[{"embeddable":true,"href":"https:\/\/oasisfm935.com.ar\/site\/wp-json\/wp\/v2\/comments?post=6323"}],"version-history":[{"count":1,"href":"https:\/\/oasisfm935.com.ar\/site\/wp-json\/wp\/v2\/posts\/6323\/revisions"}],"predecessor-version":[{"id":6325,"href":"https:\/\/oasisfm935.com.ar\/site\/wp-json\/wp\/v2\/posts\/6323\/revisions\/6325"}],"wp:featuredmedia":[{"embeddable":true,"href":"https:\/\/oasisfm935.com.ar\/site\/wp-json\/wp\/v2\/media\/6324"}],"wp:attachment":[{"href":"https:\/\/oasisfm935.com.ar\/site\/wp-json\/wp\/v2\/media?parent=6323"}],"wp:term":[{"taxonomy":"category","embeddable":true,"href":"https:\/\/oasisfm935.com.ar\/site\/wp-json\/wp\/v2\/categories?post=6323"},{"taxonomy":"post_tag","embeddable":true,"href":"https:\/\/oasisfm935.com.ar\/site\/wp-json\/wp\/v2\/tags?post=6323"}],"curies":[{"name":"wp","href":"https:\/\/api.w.org\/{rel}","templated":true}]}}