{"id":6327,"date":"2020-08-18T20:07:32","date_gmt":"2020-08-18T23:07:32","guid":{"rendered":"http:\/\/oasisfm935.com\/site\/?p=6327"},"modified":"2020-08-18T20:07:32","modified_gmt":"2020-08-18T23:07:32","slug":"la-pampa-sorprendida-por-el-anuncio-utelpa-pide-que-apuren-el-protocolo-para-volver-al-aula","status":"publish","type":"post","link":"https:\/\/oasisfm935.com.ar\/site\/la-pampa-sorprendida-por-el-anuncio-utelpa-pide-que-apuren-el-protocolo-para-volver-al-aula\/","title":{"rendered":"La Pampa: Sorprendida por el anuncio, UTELPa pide que apuren el protocolo para volver al aula."},"content":{"rendered":"<p>La Uni\u00f3n de Trabajadores de la Educaci\u00f3n de La Pampa demand\u00f3 que la provincia apruebe \u00abcuanto antes\u00bb el protocolo sanitario para garantizar la salud de estudiantes, docentes y no docentes.<\/p>\n<p>La secretaria de Prensa de UTELPa, Claudia Calder\u00f3n, se\u00f1al\u00f3 que el anuncio del gobierno provincial las sorprendi\u00f3 y agreg\u00f3 que \u00abla reuni\u00f3n a la que nos citaron era informativa. Se sab\u00eda que iba a haber un regreso a la escuela, pero no manej\u00e1bamos la fecha\u00bb<\/p>\n<p>\u00abEn su \u00faltima declaraci\u00f3n el gobernador dijo que no hab\u00eda apuro y en esa condici\u00f3n se ven\u00eda trabajando en la comisi\u00f3n de salud para aprobar el protocolo. Se ven\u00eda debatiendo el que present\u00f3 CTERA y se aprob\u00f3 en todo el pa\u00eds, pero no era un trabajo a contrarreloj\u00bb, agreg\u00f3.<\/p>\n<p>Sobre la forma en que se comunic\u00f3 la decisi\u00f3n oficial aclar\u00f3 que el gremio estuvo con funcionarios del ministerio en una sala y el gobernador, en otra con el ministro de Educaci\u00f3n de la Naci\u00f3n, Nicol\u00e1s Trotta.<\/p>\n<p>\u00abEn esa reuni\u00f3n de la que participamos el gobierno present\u00f3 el cronograma\u00a0 sobre c\u00f3mo tiene pensado el regreso a clase. Nosotros le solicitamos que antes de que eso ocurra, se apruebe el protocolo que se viene trabajando en la Comisi\u00f3n de Salud\u00bb, a\u00f1adi\u00f3.<\/p>\n<p>Pedidos<\/p>\n<p>El gremio convoc\u00f3 a una reuni\u00f3n de secretariado provincial para definir los pasos a seguir y demandar que se garantice la salud de toda la comunidad educativa.<\/p>\n<p>\u00abTenemos un trabajo tremendo por delante, es muy complejo, la familia tiene miedo, los docentes y el sindicato tambi\u00e9n\u00bb, se\u00f1al\u00f3 sobre la pandemia de coronavirus.<\/p>\n<p>Manifest\u00f3 que para que se cumpla el cronograma previsto \u00abse deben contemplar varias situaciones, hay docentes de otras provincias que trabajan en La Pampa y no van a poder ingresar, muchas docentes son mujeres y est\u00e1n a cargo de ni\u00f1os y ni\u00f1as\u00bb, enumer\u00f3.<\/p>\n<p>\u00abLa Comisi\u00f3n de Salud est\u00e1 tratando el protocolo de CTERA, que es el que se aprob\u00f3 en todos lados, pero ac\u00e1 no est\u00e1 aprobado todav\u00eda. Es necesario ponerse de acuerdo para garantizar que todos los ba\u00f1os est\u00e9n en condiciones, la ventilaci\u00f3n en todos los espacios de las escuelas, la desinfecci\u00f3n, la limpieza,\u00a0 y el distanciamiento\u00bb, se\u00f1al\u00f3.<\/p>\n<p>\u00abEn el protocolo que impulsamos est\u00e1 pensado hasta como tienen que desarrollarse los recreos, cuantos chicos y chicas pueden estar en el aula\u00bb, agreg\u00f3.<\/p>\n<p>Adem\u00e1s \u00abse tiene que tener la seguridad de con cuanto personal docente y no docente se puede contar, porque hay escuelas en las que hay personas de riesgo, otras que est\u00e1n a cargo de ni\u00f1os y ni\u00f1as y no todos van a volver a la escuela todos los d\u00edas\u00bb.<\/p>\n<p>Calder\u00f3n destac\u00f3 que \u00abse tiene que trabajar r\u00e1pido en la comisi\u00f3n de salud porque el lunes vuelven directivos y coordinadores y el 31 todos los y las docentes. Adem\u00e1s, van a surgir dudas porque se tiene que pensar en la modalidad y el traslado de los compa\u00f1eros y compa\u00f1eras, hay muchos casos de docente con dos o tres escuelas en el mismo d\u00eda\u00bb.<\/p>\n<p>Tambi\u00e9n hizo hincapi\u00e9 en la necesidad de \u00abrecuperar la cuesti\u00f3n pedag\u00f3gica, atender a la cuesti\u00f3n psicol\u00f3gicas que pueden presentarse en los estudiantes por todo este tiempo de encierro\u00bb<\/p>\n<p>Adem\u00e1s, \u00abdudamos por la cantidad de tiempo que tienen los docentes del 31 al 14 de septiembre para hacer los proyectos pedag\u00f3gicos en un a\u00f1o at\u00edpico. La pandemia implic\u00f3 muchas horas en la pantalla para docentes, la familia y su hijos o hijas\u00bb.<\/p>\n<div class=\"oasis-despues-del-contenido\" id=\"oasis-1558434584\"><img loading=\"lazy\" decoding=\"async\" src=\"https:\/\/oasisfm935.com.ar\/site\/wp-content\/uploads\/2020\/08\/47806202-8741-49f2-a5c9-d2f930e5baa1.jpg\" alt=\"\"  srcset=\"https:\/\/oasisfm935.com.ar\/site\/wp-content\/uploads\/2020\/08\/47806202-8741-49f2-a5c9-d2f930e5baa1.jpg 1080w, https:\/\/oasisfm935.com.ar\/site\/wp-content\/uploads\/2020\/08\/47806202-8741-49f2-a5c9-d2f930e5baa1-300x300.jpg 300w, https:\/\/oasisfm935.com.ar\/site\/wp-content\/uploads\/2020\/08\/47806202-8741-49f2-a5c9-d2f930e5baa1-1024x1024.jpg 1024w, https:\/\/oasisfm935.com.ar\/site\/wp-content\/uploads\/2020\/08\/47806202-8741-49f2-a5c9-d2f930e5baa1-150x150.jpg 150w, https:\/\/oasisfm935.com.ar\/site\/wp-content\/uploads\/2020\/08\/47806202-8741-49f2-a5c9-d2f930e5baa1-768x768.jpg 768w\" sizes=\"(max-width: 1080px) 100vw, 1080px\" class=\"no-lazyload\" width=\"1080\" height=\"1080\"  style=\"display: inline-block;\" \/><\/div>","protected":false},"excerpt":{"rendered":"<p>La Uni\u00f3n de Trabajadores de la Educaci\u00f3n de La Pampa demand\u00f3 que la provincia apruebe \u00abcuanto antes\u00bb el protocolo sanitario para garantizar<\/p>\n","protected":false},"author":4,"featured_media":6328,"comment_status":"closed","ping_status":"open","sticky":false,"template":"","format":"standard","meta":{"colormag_page_layout":"default_layout","footnotes":""},"categories":[2],"tags":[],"class_list":["post-6327","post","type-post","status-publish","format-standard","has-post-thumbnail","hentry","category-noticias"],"_links":{"self":[{"href":"https:\/\/oasisfm935.com.ar\/site\/wp-json\/wp\/v2\/posts\/6327","targetHints":{"allow":["GET"]}}],"collection":[{"href":"https:\/\/oasisfm935.com.ar\/site\/wp-json\/wp\/v2\/posts"}],"about":[{"href":"https:\/\/oasisfm935.com.ar\/site\/wp-json\/wp\/v2\/types\/post"}],"author":[{"embeddable":true,"href":"https:\/\/oasisfm935.com.ar\/site\/wp-json\/wp\/v2\/users\/4"}],"replies":[{"embeddable":true,"href":"https:\/\/oasisfm935.com.ar\/site\/wp-json\/wp\/v2\/comments?post=6327"}],"version-history":[{"count":1,"href":"https:\/\/oasisfm935.com.ar\/site\/wp-json\/wp\/v2\/posts\/6327\/revisions"}],"predecessor-version":[{"id":6329,"href":"https:\/\/oasisfm935.com.ar\/site\/wp-json\/wp\/v2\/posts\/6327\/revisions\/6329"}],"wp:featuredmedia":[{"embeddable":true,"href":"https:\/\/oasisfm935.com.ar\/site\/wp-json\/wp\/v2\/media\/6328"}],"wp:attachment":[{"href":"https:\/\/oasisfm935.com.ar\/site\/wp-json\/wp\/v2\/media?parent=6327"}],"wp:term":[{"taxonomy":"category","embeddable":true,"href":"https:\/\/oasisfm935.com.ar\/site\/wp-json\/wp\/v2\/categories?post=6327"},{"taxonomy":"post_tag","embeddable":true,"href":"https:\/\/oasisfm935.com.ar\/site\/wp-json\/wp\/v2\/tags?post=6327"}],"curies":[{"name":"wp","href":"https:\/\/api.w.org\/{rel}","templated":true}]}}