{"id":6331,"date":"2020-08-18T20:25:25","date_gmt":"2020-08-18T23:25:25","guid":{"rendered":"http:\/\/oasisfm935.com\/site\/?p=6331"},"modified":"2020-08-18T20:29:22","modified_gmt":"2020-08-18T23:29:22","slug":"ingeniero-luiggi-marcha-17a-cornejo-me-pone-contento-que-la-gente-se-haya-manifestado","status":"publish","type":"post","link":"https:\/\/oasisfm935.com.ar\/site\/ingeniero-luiggi-marcha-17a-cornejo-me-pone-contento-que-la-gente-se-haya-manifestado\/","title":{"rendered":"Ingeniero Luiggi Marcha 17A: Cornejo \u00abme pone contento que la gente se haya manifestado\u00bb."},"content":{"rendered":"<div><\/div>\n<div>Los Luiggenses que se hicieron presente en la plaza Manuel Belgrano lo hicieron con sus banderas argentinas, de la marcha particip\u00f3 el Presidente del Bloque de la URC Ignacio Cornejo con quien Marcelo Hidalgo dialogo con el:\u00bbAntes que nada, quiero aclarar que ac\u00e1 estoy como un ciudadano m\u00e1s, un vecino que tiene ganas de participar en este momento, en reclamo por el derecho a la libertar en un d\u00eda como hoy que habla claramente de eso, en defensa de\u00a0 la justicia y el respeto a las instituciones\u00bb.<\/div>\n<div><\/div>\n<div><\/div>\n<div>\n<div>\u00a0Cornejo comento: \u00abLo que viene ahora con la reforma judicial, en estos momentos donde el pa\u00eds est\u00e1 pasando un momento dif\u00edcil con el tema de la pandemia, me parece apresurado e inoportuno para hacer ese tipo de reformas no le viene bien al pa\u00eds y a las instituciones\u00bb.<\/div>\n<\/div>\n<div><\/div>\n<div>\n<div style=\"text-align: center\">El concejal coment\u00f3: \u00abel concejo est\u00e1 abierto a todo el mundo que quiera hacer alg\u00fan reclamo, nosotros siempre estamos escuchando y atendiendo en la medida que a nosotros nos compete\u00bb.<\/div>\n<div><\/div>\n<div><\/div>\n<\/div>\n<div><strong>\u00a0Para finalizar el concejal cerro diciendo: \u00abla verdad que me pone contento que la gente se haya manifestado haciendo su reclamo en la localidad que no es tan com\u00fan\u00bb.\u00a0 \u00a0 \u00a0 \u00a0\u00a0<\/strong><\/div>\n<div><\/div>\n<div class=\"oasis-despues-del-contenido\" id=\"oasis-714875511\"><img loading=\"lazy\" decoding=\"async\" src=\"https:\/\/oasisfm935.com.ar\/site\/wp-content\/uploads\/2020\/08\/47806202-8741-49f2-a5c9-d2f930e5baa1.jpg\" alt=\"\"  srcset=\"https:\/\/oasisfm935.com.ar\/site\/wp-content\/uploads\/2020\/08\/47806202-8741-49f2-a5c9-d2f930e5baa1.jpg 1080w, https:\/\/oasisfm935.com.ar\/site\/wp-content\/uploads\/2020\/08\/47806202-8741-49f2-a5c9-d2f930e5baa1-300x300.jpg 300w, https:\/\/oasisfm935.com.ar\/site\/wp-content\/uploads\/2020\/08\/47806202-8741-49f2-a5c9-d2f930e5baa1-1024x1024.jpg 1024w, https:\/\/oasisfm935.com.ar\/site\/wp-content\/uploads\/2020\/08\/47806202-8741-49f2-a5c9-d2f930e5baa1-150x150.jpg 150w, https:\/\/oasisfm935.com.ar\/site\/wp-content\/uploads\/2020\/08\/47806202-8741-49f2-a5c9-d2f930e5baa1-768x768.jpg 768w\" sizes=\"(max-width: 1080px) 100vw, 1080px\" class=\"no-lazyload\" width=\"1080\" height=\"1080\"  style=\"display: inline-block;\" \/><\/div>","protected":false},"excerpt":{"rendered":"<p>Los Luiggenses que se hicieron presente en la plaza Manuel Belgrano lo hicieron con sus banderas argentinas, de la marcha particip\u00f3 el<\/p>\n","protected":false},"author":4,"featured_media":6332,"comment_status":"closed","ping_status":"open","sticky":false,"template":"","format":"standard","meta":{"colormag_page_layout":"default_layout","footnotes":""},"categories":[2],"tags":[],"class_list":["post-6331","post","type-post","status-publish","format-standard","has-post-thumbnail","hentry","category-noticias"],"_links":{"self":[{"href":"https:\/\/oasisfm935.com.ar\/site\/wp-json\/wp\/v2\/posts\/6331","targetHints":{"allow":["GET"]}}],"collection":[{"href":"https:\/\/oasisfm935.com.ar\/site\/wp-json\/wp\/v2\/posts"}],"about":[{"href":"https:\/\/oasisfm935.com.ar\/site\/wp-json\/wp\/v2\/types\/post"}],"author":[{"embeddable":true,"href":"https:\/\/oasisfm935.com.ar\/site\/wp-json\/wp\/v2\/users\/4"}],"replies":[{"embeddable":true,"href":"https:\/\/oasisfm935.com.ar\/site\/wp-json\/wp\/v2\/comments?post=6331"}],"version-history":[{"count":5,"href":"https:\/\/oasisfm935.com.ar\/site\/wp-json\/wp\/v2\/posts\/6331\/revisions"}],"predecessor-version":[{"id":6337,"href":"https:\/\/oasisfm935.com.ar\/site\/wp-json\/wp\/v2\/posts\/6331\/revisions\/6337"}],"wp:featuredmedia":[{"embeddable":true,"href":"https:\/\/oasisfm935.com.ar\/site\/wp-json\/wp\/v2\/media\/6332"}],"wp:attachment":[{"href":"https:\/\/oasisfm935.com.ar\/site\/wp-json\/wp\/v2\/media?parent=6331"}],"wp:term":[{"taxonomy":"category","embeddable":true,"href":"https:\/\/oasisfm935.com.ar\/site\/wp-json\/wp\/v2\/categories?post=6331"},{"taxonomy":"post_tag","embeddable":true,"href":"https:\/\/oasisfm935.com.ar\/site\/wp-json\/wp\/v2\/tags?post=6331"}],"curies":[{"name":"wp","href":"https:\/\/api.w.org\/{rel}","templated":true}]}}