{"id":6350,"date":"2020-08-19T13:10:12","date_gmt":"2020-08-19T16:10:12","guid":{"rendered":"http:\/\/oasisfm935.com\/site\/?p=6350"},"modified":"2020-08-19T13:10:19","modified_gmt":"2020-08-19T16:10:19","slug":"la-pampa-el-presidente-y-ziliotto-resaltaron-las-reparaciones-en-la-ruta-35","status":"publish","type":"post","link":"https:\/\/oasisfm935.com.ar\/site\/la-pampa-el-presidente-y-ziliotto-resaltaron-las-reparaciones-en-la-ruta-35\/","title":{"rendered":"La Pampa: El presidente y Ziliotto resaltaron las reparaciones en la ruta 35"},"content":{"rendered":"<p>El presidente Alberto Fern\u00e1ndez realiz\u00f3 hoy el anuncio de la puesta en marcha de obra p\u00fablica en las provincias de Chaco, Misiones, C\u00f3rdoba, La Pampa y Salta.<\/p>\n<p>En el caso de La Pampa, se trata de obras de repavimentaci\u00f3n que ya se iniciaron en diferentes tramos de la ruta nacional 35, que atraviesa toda la provincia.<\/p>\n<p>El gobernador Sergio Ziliotto sigui\u00f3 el anuncio desde Casa de Gobierno, por teleconferencia. \u201cEn el mes de enero pusimos en conocimiento al Gobierno nacional cu\u00e1l era el estado de las rutas nacionales. Y llevamos una s\u00edntesis que realmente nos alarmaba. El dato era que el 80 por ciento de las rutas nacionales necesitaban una intervenci\u00f3n profunda\u201d, manifest\u00f3.<\/p>\n<p>\u201cHoy, la ruta 35, en tres contratos se puso en marcha la reconstrucci\u00f3n. Se pusieron nuevamente los tres contratos y se pag\u00f3 la deuda a los contratistas\u201d, manifest\u00f3.<\/p>\n<p>Tambi\u00e9n dijo que, en cuatro contratos, pr\u00f3ximamente se empezar\u00e1n obras en las rutas nacionales 151 y 152.<\/p>\n<p>\u00abYa hemos acordado los equipos t\u00e9cnicos de Vialidad Provincial y Nacional tambi\u00e9n comenzar en octubre con dos contratos para trabajos en las Rutas 151 y 152 que son necesarios y que tambi\u00e9n son v\u00edas estrat\u00e9gicas para el tr\u00e1nsito en nuestra provincia\u00bb, dijo Ziliotto.<\/p>\n<p>\u00abNos hemos comprometido a crear una agenda federal con igualdad de oportunidades y hoy esas promesas son una realidad porque esas promesas empiezan a tener valor para la econom\u00eda y para la vida humana\u00bb, finaliz\u00f3.<\/p>\n<p>En tanto, el presidente resalt\u00f3 que est\u00e1n buscando que el pa\u00eds sea federal. \u201cNosotros, desde el primer d\u00eda, nos propusimos poner de pie a la Argentina\u201d, dijo. Y trat\u00f3 de \u00abmi amigo\u00bb a Ziliotto.<\/p>\n<div class=\"oasis-despues-del-contenido\" id=\"oasis-1185784601\"><img loading=\"lazy\" decoding=\"async\" src=\"https:\/\/oasisfm935.com.ar\/site\/wp-content\/uploads\/2020\/08\/47806202-8741-49f2-a5c9-d2f930e5baa1.jpg\" alt=\"\"  srcset=\"https:\/\/oasisfm935.com.ar\/site\/wp-content\/uploads\/2020\/08\/47806202-8741-49f2-a5c9-d2f930e5baa1.jpg 1080w, https:\/\/oasisfm935.com.ar\/site\/wp-content\/uploads\/2020\/08\/47806202-8741-49f2-a5c9-d2f930e5baa1-300x300.jpg 300w, https:\/\/oasisfm935.com.ar\/site\/wp-content\/uploads\/2020\/08\/47806202-8741-49f2-a5c9-d2f930e5baa1-1024x1024.jpg 1024w, https:\/\/oasisfm935.com.ar\/site\/wp-content\/uploads\/2020\/08\/47806202-8741-49f2-a5c9-d2f930e5baa1-150x150.jpg 150w, https:\/\/oasisfm935.com.ar\/site\/wp-content\/uploads\/2020\/08\/47806202-8741-49f2-a5c9-d2f930e5baa1-768x768.jpg 768w\" sizes=\"(max-width: 1080px) 100vw, 1080px\" class=\"no-lazyload\" width=\"1080\" height=\"1080\"  style=\"display: inline-block;\" \/><\/div>","protected":false},"excerpt":{"rendered":"<p>El presidente Alberto Fern\u00e1ndez realiz\u00f3 hoy el anuncio de la puesta en marcha de obra p\u00fablica en las provincias de Chaco, Misiones,<\/p>\n","protected":false},"author":4,"featured_media":6351,"comment_status":"closed","ping_status":"open","sticky":false,"template":"","format":"standard","meta":{"colormag_page_layout":"default_layout","footnotes":""},"categories":[2],"tags":[],"class_list":["post-6350","post","type-post","status-publish","format-standard","has-post-thumbnail","hentry","category-noticias"],"_links":{"self":[{"href":"https:\/\/oasisfm935.com.ar\/site\/wp-json\/wp\/v2\/posts\/6350","targetHints":{"allow":["GET"]}}],"collection":[{"href":"https:\/\/oasisfm935.com.ar\/site\/wp-json\/wp\/v2\/posts"}],"about":[{"href":"https:\/\/oasisfm935.com.ar\/site\/wp-json\/wp\/v2\/types\/post"}],"author":[{"embeddable":true,"href":"https:\/\/oasisfm935.com.ar\/site\/wp-json\/wp\/v2\/users\/4"}],"replies":[{"embeddable":true,"href":"https:\/\/oasisfm935.com.ar\/site\/wp-json\/wp\/v2\/comments?post=6350"}],"version-history":[{"count":1,"href":"https:\/\/oasisfm935.com.ar\/site\/wp-json\/wp\/v2\/posts\/6350\/revisions"}],"predecessor-version":[{"id":6352,"href":"https:\/\/oasisfm935.com.ar\/site\/wp-json\/wp\/v2\/posts\/6350\/revisions\/6352"}],"wp:featuredmedia":[{"embeddable":true,"href":"https:\/\/oasisfm935.com.ar\/site\/wp-json\/wp\/v2\/media\/6351"}],"wp:attachment":[{"href":"https:\/\/oasisfm935.com.ar\/site\/wp-json\/wp\/v2\/media?parent=6350"}],"wp:term":[{"taxonomy":"category","embeddable":true,"href":"https:\/\/oasisfm935.com.ar\/site\/wp-json\/wp\/v2\/categories?post=6350"},{"taxonomy":"post_tag","embeddable":true,"href":"https:\/\/oasisfm935.com.ar\/site\/wp-json\/wp\/v2\/tags?post=6350"}],"curies":[{"name":"wp","href":"https:\/\/api.w.org\/{rel}","templated":true}]}}