{"id":6354,"date":"2020-08-19T19:07:50","date_gmt":"2020-08-19T22:07:50","guid":{"rendered":"http:\/\/oasisfm935.com\/site\/?p=6354"},"modified":"2020-08-19T19:07:50","modified_gmt":"2020-08-19T22:07:50","slug":"covid-en-la-pampa-otras-54-muestras-fueron-negativas","status":"publish","type":"post","link":"https:\/\/oasisfm935.com.ar\/site\/covid-en-la-pampa-otras-54-muestras-fueron-negativas\/","title":{"rendered":"Covid en La Pampa: otras 54 muestras fueron negativas"},"content":{"rendered":"<p>El Gobierno de la Provincia de La Pampa a trav\u00e9s del Ministerio de Salud comunica que en la tarde del 19 de agosto, 54 muestras analizadas en el laboratorio Central de la Direcci\u00f3n de Epidemiolog\u00eda y en los laboratorios de Bacteriolog\u00eda del Hospital Lucio Molas y Gobernador Centeno resultaron negativas para COVID-19.<\/p>\n<p><b>Programa \u201cB\u00fasqueda Activa\u201d en Villa Germinal<\/b><br \/>\nEn el d\u00eda de la fecha el Ministerio de Salud realiz\u00f3 un relevamiento a trav\u00e9s del programa \u00abB\u00fasqueda Activa\u00bb de eventuales casos, con la finalidad de detectar pacientes con patolog\u00edas respiratorias. En esta ocasi\u00f3n se realiz\u00f3 un monitoreo sobre pacientes con patolog\u00edas cr\u00f3nicas y su medicaci\u00f3n respectiva, para asegurar que la misma llegue a los beneficiarios.<\/p>\n<p>La b\u00fasqueda de eventuales casos se realiz\u00f3 entre las calles Callaqueo y Juncos y entre Stieben y Ra\u00fal B D\u00edaz. El trabajo en territorio involucr\u00f3 a los Centros de Salud de Villa Germinal y Obreros de la Construcci\u00f3n. A trav\u00e9s del mismo se relevaron 678 domicilios y se entrevistaron a 2191 personas. De este trabajo en territorio surgi\u00f3 que 6 personas presentaban s\u00edntomas respiratorios, los mismos fueron evaluados, hisopados y se les indic\u00f3 aislamiento estricto hasta el obtener los resultados correspondientes.<br \/>\n<b>Control de\u00a0<\/b><b>m<\/b><b>edicaci\u00f3n y\u00a0<\/b><b>c<\/b><b>alendario de\u00a0<\/b><b>v<\/b><b>acunas<\/b><br \/>\nEn cuanto al control de medicaci\u00f3n a pacientes cr\u00f3nicos se detectaron 2 personas con falta parcial de medicaci\u00f3n. Tambi\u00e9n se realiz\u00f3 una evaluaci\u00f3n del calendario de vacunas, de ni\u00f1as y ni\u00f1os sanos, se detectaron 2 personas con falta parcial de medicaci\u00f3n. Como as\u00ed tambi\u00e9n se registr\u00f3 que 2 menores contaban con un atraso de 20 d\u00edas en sus vacunas. Ambas situaciones fueron solucionadas.<\/p>\n<p><b>Situaci\u00f3n Provincial<\/b><br \/>\nDesde el inicio de la pandemia en nuestra Provincia, se registraron un total 184 casos positivos para COVID-19, de los cuales 167 se han recuperado y 17 permanecen activos. Estos \u00faltimos est\u00e1n distribuidos de la siguiente manera: 3 en la ciudad de Santa Rosa, 7 en General Pico, 4 en Catril\u00f3, 1 en La Adela, 1 en Realic\u00f3 y 1 Macach\u00edn.<br \/>\nLos contactos estrechos de los casos confirmados son 75 y se encuentran cumpliendo aislamiento estricto, los mismos son monitoreados por personal de salud.<\/p>\n<p>Al d\u00eda de la fecha se les ha tomado muestra a trav\u00e9s del hisopado nasofar\u00edngeo en La Pampa a 2784 personas.<br \/>\nEn el d\u00eda de la fecha se encuentran internadas un total de 6 personas confirmadas para COVID-19. En General Pico 3 personas en el Hospital Gobernador Centeno, de las cuales 2 permanecen con estado moderado y 1 persona en estado grave (estable) con pron\u00f3stico reservado. En el Centro Emergente de Asistencia Respiratoria de la localidad de Santa Rosa, se encuentran internadas 3 personas, 2 en terapia intensiva con estado grave (estable) y 1 en cl\u00ednica m\u00e9dica<\/p>\n<div class=\"oasis-despues-del-contenido\" id=\"oasis-2555730446\"><img loading=\"lazy\" decoding=\"async\" src=\"https:\/\/oasisfm935.com.ar\/site\/wp-content\/uploads\/2020\/08\/47806202-8741-49f2-a5c9-d2f930e5baa1.jpg\" alt=\"\"  srcset=\"https:\/\/oasisfm935.com.ar\/site\/wp-content\/uploads\/2020\/08\/47806202-8741-49f2-a5c9-d2f930e5baa1.jpg 1080w, https:\/\/oasisfm935.com.ar\/site\/wp-content\/uploads\/2020\/08\/47806202-8741-49f2-a5c9-d2f930e5baa1-300x300.jpg 300w, https:\/\/oasisfm935.com.ar\/site\/wp-content\/uploads\/2020\/08\/47806202-8741-49f2-a5c9-d2f930e5baa1-1024x1024.jpg 1024w, https:\/\/oasisfm935.com.ar\/site\/wp-content\/uploads\/2020\/08\/47806202-8741-49f2-a5c9-d2f930e5baa1-150x150.jpg 150w, https:\/\/oasisfm935.com.ar\/site\/wp-content\/uploads\/2020\/08\/47806202-8741-49f2-a5c9-d2f930e5baa1-768x768.jpg 768w\" sizes=\"(max-width: 1080px) 100vw, 1080px\" class=\"no-lazyload\" width=\"1080\" height=\"1080\"  style=\"display: inline-block;\" \/><\/div>","protected":false},"excerpt":{"rendered":"<p>El Gobierno de la Provincia de La Pampa a trav\u00e9s del Ministerio de Salud comunica que en la tarde del 19 de<\/p>\n","protected":false},"author":4,"featured_media":6355,"comment_status":"closed","ping_status":"open","sticky":false,"template":"","format":"standard","meta":{"colormag_page_layout":"default_layout","footnotes":""},"categories":[2],"tags":[],"class_list":["post-6354","post","type-post","status-publish","format-standard","has-post-thumbnail","hentry","category-noticias"],"_links":{"self":[{"href":"https:\/\/oasisfm935.com.ar\/site\/wp-json\/wp\/v2\/posts\/6354","targetHints":{"allow":["GET"]}}],"collection":[{"href":"https:\/\/oasisfm935.com.ar\/site\/wp-json\/wp\/v2\/posts"}],"about":[{"href":"https:\/\/oasisfm935.com.ar\/site\/wp-json\/wp\/v2\/types\/post"}],"author":[{"embeddable":true,"href":"https:\/\/oasisfm935.com.ar\/site\/wp-json\/wp\/v2\/users\/4"}],"replies":[{"embeddable":true,"href":"https:\/\/oasisfm935.com.ar\/site\/wp-json\/wp\/v2\/comments?post=6354"}],"version-history":[{"count":1,"href":"https:\/\/oasisfm935.com.ar\/site\/wp-json\/wp\/v2\/posts\/6354\/revisions"}],"predecessor-version":[{"id":6356,"href":"https:\/\/oasisfm935.com.ar\/site\/wp-json\/wp\/v2\/posts\/6354\/revisions\/6356"}],"wp:featuredmedia":[{"embeddable":true,"href":"https:\/\/oasisfm935.com.ar\/site\/wp-json\/wp\/v2\/media\/6355"}],"wp:attachment":[{"href":"https:\/\/oasisfm935.com.ar\/site\/wp-json\/wp\/v2\/media?parent=6354"}],"wp:term":[{"taxonomy":"category","embeddable":true,"href":"https:\/\/oasisfm935.com.ar\/site\/wp-json\/wp\/v2\/categories?post=6354"},{"taxonomy":"post_tag","embeddable":true,"href":"https:\/\/oasisfm935.com.ar\/site\/wp-json\/wp\/v2\/tags?post=6354"}],"curies":[{"name":"wp","href":"https:\/\/api.w.org\/{rel}","templated":true}]}}