{"id":6361,"date":"2020-08-20T08:33:57","date_gmt":"2020-08-20T11:33:57","guid":{"rendered":"http:\/\/oasisfm935.com\/site\/?p=6361"},"modified":"2020-08-20T08:34:59","modified_gmt":"2020-08-20T11:34:59","slug":"bomberos-de-ingeniero-luiggi-con-apoyo-de-parera-rancul-y-defensa-civil-combaten-feroz-incendio-de-montes","status":"publish","type":"post","link":"https:\/\/oasisfm935.com.ar\/site\/bomberos-de-ingeniero-luiggi-con-apoyo-de-parera-rancul-y-defensa-civil-combaten-feroz-incendio-de-montes\/","title":{"rendered":"Bomberos de Ingeniero Luiggi con apoyo de Parera, Rancul y Defensa Civil combaten feroz incendio de montes"},"content":{"rendered":"<p><strong>El foco \u00edgneo de gran magnitud se origin\u00f3 a unos 30 km al oeste de Ingeniero Luiggi.\u00a0<\/strong>Hace una hora lleg\u00f3 una cuadrilla de Defensa Civil para acompa\u00f1ar las tareas de combate de este gran incendio que ya<strong>\u00a0lleva 7 horas activo.<\/strong><\/p>\n<p>Las grandes llamas se avivaron con el viento reinante de este mi\u00e9rcoles\u00a0<strong>en la zona, entre el lote 18 y 13, y a\u00fan los bomberos trabajan intensamente en el lugar.<\/strong><\/p>\n<p><img decoding=\"async\" src=\"https:\/\/zonalnoticias.com\/wp-content\/uploads\/2020\/08\/image-1-1024x512.png\" \/><\/p>\n<p><strong>Zonal Noticias dialog\u00f3 en el cuartel de Bomberos de Ingeniero Luiggi, en exclusiva con el jefe Juan Andr\u00e9s Cantelmi, qui\u00e9n cont\u00f3 que \u00abse dio aviso a nuestro cuartel a la hora 14:40. El incendio se inici\u00f3 en el campo del Dr. Lorenzo, despu\u00e9s se empez\u00f3 a desplazar hacia el norte, pas\u00f3 por ruta 2, tomando una parte del campo de Brandaza donde se busc\u00f3 apagar<\/strong><em>\u00a0<\/em><strong>debido a que all\u00ed hab\u00eda vestigios de un incendio anterior\u201d.<\/strong><\/p>\n<p>\u201cAhora estaban haciendo una contra quema al sur para poder apagarlo. Corr\u00eda riesgo otro campo de la familia Donatti, hab\u00eda mucho humo sobre la \u00a0zona\u00a0 seg\u00fan las \u00faltimas comunicaciones con las dotaciones,\u201d inform\u00f3 el jefe.<\/p>\n<p>\u201c<strong>En el lugar est\u00e1n trabajando bomberos de Parera, y Rancul, junto a los de Ingeniero Luiggi y una cuadrilla de Defensa Civil,\u201d cont\u00f3 Juan Andr\u00e9s<\/strong>\u00a0Cantelmi.<\/p>\n<p>\u201cSeg\u00fan el an\u00e1lisis que podemos realizar,\u00a0<strong>tienen trabajo para toda la noche<\/strong>. De acuerdo a los pron\u00f3sticos, no mejorar\u00e1n las condiciones para combatirlo ya que\u00a0 se rota el viento al Noroeste\u00bb, explic\u00f3 Cantelmi.<\/p>\n<p>\u201c<strong>La mayor\u00eda del sector donde se propaga y se puede propagar el fuego en esos lotes est\u00e1 cubierto por monte<\/strong>\u201d, detall\u00f3.<\/p>\n<h2>Varios bomberos trabajando<\/h2>\n<p><strong>\u201cEn el lugar se encuentran entre 18 y 20 personas trabajando en la extinci\u00f3n de este incendio forestal. M\u00e1s tarde se va a hacer un relevo<\/strong>\u201d, manifest\u00f3 el bombero luiggense.<\/p>\n<p>\u201c<strong><em>Hay varias dotaciones de la zona trabajando (Luiggi, Parera y Rancul), adem\u00e1s est\u00e1 preparada una dotaci\u00f3n de La Maruja, \u00a0que llam\u00f3 reci\u00e9n para estar listos ante cualquier situaci\u00f3n. Tambi\u00e9n tenemos otra cuadrilla m\u00e1s de Defensa Civil por si la llegamos necesitar\u00a0<\/em><\/strong>,\u201d cont\u00f3 Cantelmi.<\/p>\n<p>\u201cSi bien el incendio se desata en la jurisdicci\u00f3n de Ingeniero Luiggi, tenemos la colaboraci\u00f3n de varios cuarteles, por lo que estamos m\u00e1s que agradecidos,\u201d\u00a0<strong>culmin\u00f3 el jefe de Bomberos luiggense en di\u00e1logo con Zonal Noticias hace instantes.<\/strong><\/p>\n<h2>Mir\u00e1 el mapa y la ubicaci\u00f3n del incendio:<\/h2>\n<div class=\"oasis-despues-del-contenido\" id=\"oasis-2364676587\"><img loading=\"lazy\" decoding=\"async\" src=\"https:\/\/oasisfm935.com.ar\/site\/wp-content\/uploads\/2020\/08\/47806202-8741-49f2-a5c9-d2f930e5baa1.jpg\" alt=\"\"  srcset=\"https:\/\/oasisfm935.com.ar\/site\/wp-content\/uploads\/2020\/08\/47806202-8741-49f2-a5c9-d2f930e5baa1.jpg 1080w, https:\/\/oasisfm935.com.ar\/site\/wp-content\/uploads\/2020\/08\/47806202-8741-49f2-a5c9-d2f930e5baa1-300x300.jpg 300w, https:\/\/oasisfm935.com.ar\/site\/wp-content\/uploads\/2020\/08\/47806202-8741-49f2-a5c9-d2f930e5baa1-1024x1024.jpg 1024w, https:\/\/oasisfm935.com.ar\/site\/wp-content\/uploads\/2020\/08\/47806202-8741-49f2-a5c9-d2f930e5baa1-150x150.jpg 150w, https:\/\/oasisfm935.com.ar\/site\/wp-content\/uploads\/2020\/08\/47806202-8741-49f2-a5c9-d2f930e5baa1-768x768.jpg 768w\" sizes=\"(max-width: 1080px) 100vw, 1080px\" class=\"no-lazyload\" width=\"1080\" height=\"1080\"  style=\"display: inline-block;\" \/><\/div>","protected":false},"excerpt":{"rendered":"<p>El foco \u00edgneo de gran magnitud se origin\u00f3 a unos 30 km al oeste de Ingeniero Luiggi.\u00a0Hace una hora lleg\u00f3 una cuadrilla<\/p>\n","protected":false},"author":4,"featured_media":6362,"comment_status":"closed","ping_status":"open","sticky":false,"template":"","format":"standard","meta":{"colormag_page_layout":"default_layout","footnotes":""},"categories":[2],"tags":[],"class_list":["post-6361","post","type-post","status-publish","format-standard","has-post-thumbnail","hentry","category-noticias"],"_links":{"self":[{"href":"https:\/\/oasisfm935.com.ar\/site\/wp-json\/wp\/v2\/posts\/6361","targetHints":{"allow":["GET"]}}],"collection":[{"href":"https:\/\/oasisfm935.com.ar\/site\/wp-json\/wp\/v2\/posts"}],"about":[{"href":"https:\/\/oasisfm935.com.ar\/site\/wp-json\/wp\/v2\/types\/post"}],"author":[{"embeddable":true,"href":"https:\/\/oasisfm935.com.ar\/site\/wp-json\/wp\/v2\/users\/4"}],"replies":[{"embeddable":true,"href":"https:\/\/oasisfm935.com.ar\/site\/wp-json\/wp\/v2\/comments?post=6361"}],"version-history":[{"count":1,"href":"https:\/\/oasisfm935.com.ar\/site\/wp-json\/wp\/v2\/posts\/6361\/revisions"}],"predecessor-version":[{"id":6363,"href":"https:\/\/oasisfm935.com.ar\/site\/wp-json\/wp\/v2\/posts\/6361\/revisions\/6363"}],"wp:featuredmedia":[{"embeddable":true,"href":"https:\/\/oasisfm935.com.ar\/site\/wp-json\/wp\/v2\/media\/6362"}],"wp:attachment":[{"href":"https:\/\/oasisfm935.com.ar\/site\/wp-json\/wp\/v2\/media?parent=6361"}],"wp:term":[{"taxonomy":"category","embeddable":true,"href":"https:\/\/oasisfm935.com.ar\/site\/wp-json\/wp\/v2\/categories?post=6361"},{"taxonomy":"post_tag","embeddable":true,"href":"https:\/\/oasisfm935.com.ar\/site\/wp-json\/wp\/v2\/tags?post=6361"}],"curies":[{"name":"wp","href":"https:\/\/api.w.org\/{rel}","templated":true}]}}