{"id":6365,"date":"2020-08-20T11:25:50","date_gmt":"2020-08-20T14:25:50","guid":{"rendered":"http:\/\/oasisfm935.com\/site\/?p=6365"},"modified":"2020-08-20T11:25:50","modified_gmt":"2020-08-20T14:25:50","slug":"orgullo-luiggense-luz-lardone-fue-designada-en-el-conicet","status":"publish","type":"post","link":"https:\/\/oasisfm935.com.ar\/site\/orgullo-luiggense-luz-lardone-fue-designada-en-el-conicet\/","title":{"rendered":"Orgullo luiggense: Luz Lardone fue designada en el Conicet"},"content":{"rendered":"<p>Luz Mar\u00eda Lardone fue designada por el presidente. Se reuni\u00f3 con Ziliotto.<\/p>\n<p>El gobernador Sergio Ziliotto recibi\u00f3 este jueves a\u00a0Luz Marina Lardone, directora general de Ciencia, Tecnolog\u00eda e Innovaci\u00f3n Productiva del gobierno provincial, que fue designada por el presidente Alberto Fern\u00e1ndez en\u00a0el Directorio del CONICET Dialoga, representando\u00a0 a los m\u00e1ximos organismos responsables de la ciencia y tecnolog\u00eda de los Gobiernos Provinciales y de la Ciudad Aut\u00f3noma de Buenos Aires.<\/p>\n<p>&nbsp;<\/p>\n<p>\u00abGran reconocimiento a su trayectoria y capacidad. Orgullo pampeano\u00bb, expres\u00f3 Ziliotto.<\/p>\n<div class=\"oasis-despues-del-contenido\" id=\"oasis-58700141\"><img loading=\"lazy\" decoding=\"async\" src=\"https:\/\/oasisfm935.com.ar\/site\/wp-content\/uploads\/2020\/08\/47806202-8741-49f2-a5c9-d2f930e5baa1.jpg\" alt=\"\"  srcset=\"https:\/\/oasisfm935.com.ar\/site\/wp-content\/uploads\/2020\/08\/47806202-8741-49f2-a5c9-d2f930e5baa1.jpg 1080w, https:\/\/oasisfm935.com.ar\/site\/wp-content\/uploads\/2020\/08\/47806202-8741-49f2-a5c9-d2f930e5baa1-300x300.jpg 300w, https:\/\/oasisfm935.com.ar\/site\/wp-content\/uploads\/2020\/08\/47806202-8741-49f2-a5c9-d2f930e5baa1-1024x1024.jpg 1024w, https:\/\/oasisfm935.com.ar\/site\/wp-content\/uploads\/2020\/08\/47806202-8741-49f2-a5c9-d2f930e5baa1-150x150.jpg 150w, https:\/\/oasisfm935.com.ar\/site\/wp-content\/uploads\/2020\/08\/47806202-8741-49f2-a5c9-d2f930e5baa1-768x768.jpg 768w\" sizes=\"(max-width: 1080px) 100vw, 1080px\" class=\"no-lazyload\" width=\"1080\" height=\"1080\"  style=\"display: inline-block;\" \/><\/div>","protected":false},"excerpt":{"rendered":"<p>Luz Mar\u00eda Lardone fue designada por el presidente. Se reuni\u00f3 con Ziliotto. El gobernador Sergio Ziliotto recibi\u00f3 este jueves a\u00a0Luz Marina Lardone,<\/p>\n","protected":false},"author":4,"featured_media":6366,"comment_status":"closed","ping_status":"open","sticky":false,"template":"","format":"standard","meta":{"colormag_page_layout":"default_layout","footnotes":""},"categories":[2],"tags":[],"class_list":["post-6365","post","type-post","status-publish","format-standard","has-post-thumbnail","hentry","category-noticias"],"_links":{"self":[{"href":"https:\/\/oasisfm935.com.ar\/site\/wp-json\/wp\/v2\/posts\/6365","targetHints":{"allow":["GET"]}}],"collection":[{"href":"https:\/\/oasisfm935.com.ar\/site\/wp-json\/wp\/v2\/posts"}],"about":[{"href":"https:\/\/oasisfm935.com.ar\/site\/wp-json\/wp\/v2\/types\/post"}],"author":[{"embeddable":true,"href":"https:\/\/oasisfm935.com.ar\/site\/wp-json\/wp\/v2\/users\/4"}],"replies":[{"embeddable":true,"href":"https:\/\/oasisfm935.com.ar\/site\/wp-json\/wp\/v2\/comments?post=6365"}],"version-history":[{"count":1,"href":"https:\/\/oasisfm935.com.ar\/site\/wp-json\/wp\/v2\/posts\/6365\/revisions"}],"predecessor-version":[{"id":6367,"href":"https:\/\/oasisfm935.com.ar\/site\/wp-json\/wp\/v2\/posts\/6365\/revisions\/6367"}],"wp:featuredmedia":[{"embeddable":true,"href":"https:\/\/oasisfm935.com.ar\/site\/wp-json\/wp\/v2\/media\/6366"}],"wp:attachment":[{"href":"https:\/\/oasisfm935.com.ar\/site\/wp-json\/wp\/v2\/media?parent=6365"}],"wp:term":[{"taxonomy":"category","embeddable":true,"href":"https:\/\/oasisfm935.com.ar\/site\/wp-json\/wp\/v2\/categories?post=6365"},{"taxonomy":"post_tag","embeddable":true,"href":"https:\/\/oasisfm935.com.ar\/site\/wp-json\/wp\/v2\/tags?post=6365"}],"curies":[{"name":"wp","href":"https:\/\/api.w.org\/{rel}","templated":true}]}}