{"id":6373,"date":"2020-08-20T13:18:39","date_gmt":"2020-08-20T16:18:39","guid":{"rendered":"http:\/\/oasisfm935.com\/site\/?p=6373"},"modified":"2020-08-20T13:21:11","modified_gmt":"2020-08-20T16:21:11","slug":"la-pampa-covid-19-detectaron-otro-positivo-de-covid-en-santa-rosa","status":"publish","type":"post","link":"https:\/\/oasisfm935.com.ar\/site\/la-pampa-covid-19-detectaron-otro-positivo-de-covid-en-santa-rosa\/","title":{"rendered":"La Pampa COVID-19 :Detectaron otro positivo de covid en Santa Rosa"},"content":{"rendered":"<p>El Gobierno de la Provincia de La Pampa comunic\u00f3 que en la ma\u00f1ana de hoy\u00a0<strong>se detect\u00f3 un nuevo positivo de coronavirus<\/strong>\u00a0en Santa Rosa.<\/p>\n<p>\u00abSe analizaron<strong>\u00a021 muestras\u00a0<\/strong>en el laboratorio Central de la Direcci\u00f3n de Epidemiolog\u00eda y en el laboratorio de Bacteriolog\u00eda del Hospital Lucio Molas, donde solo una arroj\u00f3 result\u00f3 positiva para Covid-19. Se trata de una persona de Santa Rosa, considerada contacto estrecho de una caso confirmado\u00bb, se inform\u00f3 desde el Ministerio de Salud.<\/p>\n<p>\u00abLa misma se encontraba cumpliendo estricto aislamiento desde el d\u00eda domingo 16 de agosto, a ra\u00edz de esta situaci\u00f3n, este nuevo caso positivo refiere un \u00fanico contacto estrecho\u00bb, agreg\u00f3.<\/p>\n<p>A su vez, Salud inform\u00f3 que en el d\u00eda de hoy<strong>\u00a0se ha recuperado una persona perteneciente a la localidad de La Adela<\/strong>.<\/p>\n<p>Desde el inicio de la pandemia, en nuestra provincia, se registraron un total 185 casos positivos para Covid-19, de los cuales<strong>\u00a0168 se han recuperado y 17 permanecen activos<\/strong>.<\/p>\n<p>Los activos est\u00e1n distribuidos de la siguiente manera:<strong>\u00a07 en General Pico, 4 en Santa Rosa, 4 en Catril\u00f3, 1 en Realic\u00f3 y 1 Macach\u00edn.<\/strong><\/p>\n<p>Los contactos estrechos de los casos confirmados<strong>\u00a0son 76\u00a0<\/strong>y se encuentran cumpliendo aislamiento estricto. \u00abAl d\u00eda de la fecha se les ha tomado muestra a trav\u00e9s del hisopado nasofar\u00edngeo en La Pampa a 2805 personas\u00bb, dijo Salud.<\/p>\n<p>En el d\u00eda de la fecha se encuentran internadas un total de 6 personas confirmadas para Covid-19:<strong>\u00a0tres en Pico -una grave- y tres en Santa Rosa<\/strong>\u00a0-dos graves-.<\/p>\n<div class=\"oasis-despues-del-contenido\" id=\"oasis-1659593104\"><img loading=\"lazy\" decoding=\"async\" src=\"https:\/\/oasisfm935.com.ar\/site\/wp-content\/uploads\/2020\/08\/47806202-8741-49f2-a5c9-d2f930e5baa1.jpg\" alt=\"\"  srcset=\"https:\/\/oasisfm935.com.ar\/site\/wp-content\/uploads\/2020\/08\/47806202-8741-49f2-a5c9-d2f930e5baa1.jpg 1080w, https:\/\/oasisfm935.com.ar\/site\/wp-content\/uploads\/2020\/08\/47806202-8741-49f2-a5c9-d2f930e5baa1-300x300.jpg 300w, https:\/\/oasisfm935.com.ar\/site\/wp-content\/uploads\/2020\/08\/47806202-8741-49f2-a5c9-d2f930e5baa1-1024x1024.jpg 1024w, https:\/\/oasisfm935.com.ar\/site\/wp-content\/uploads\/2020\/08\/47806202-8741-49f2-a5c9-d2f930e5baa1-150x150.jpg 150w, https:\/\/oasisfm935.com.ar\/site\/wp-content\/uploads\/2020\/08\/47806202-8741-49f2-a5c9-d2f930e5baa1-768x768.jpg 768w\" sizes=\"(max-width: 1080px) 100vw, 1080px\" class=\"no-lazyload\" width=\"1080\" height=\"1080\"  style=\"display: inline-block;\" \/><\/div>","protected":false},"excerpt":{"rendered":"<p>El Gobierno de la Provincia de La Pampa comunic\u00f3 que en la ma\u00f1ana de hoy\u00a0se detect\u00f3 un nuevo positivo de coronavirus\u00a0en Santa<\/p>\n","protected":false},"author":4,"featured_media":6374,"comment_status":"closed","ping_status":"open","sticky":false,"template":"","format":"standard","meta":{"colormag_page_layout":"default_layout","footnotes":""},"categories":[2],"tags":[],"class_list":["post-6373","post","type-post","status-publish","format-standard","has-post-thumbnail","hentry","category-noticias"],"_links":{"self":[{"href":"https:\/\/oasisfm935.com.ar\/site\/wp-json\/wp\/v2\/posts\/6373","targetHints":{"allow":["GET"]}}],"collection":[{"href":"https:\/\/oasisfm935.com.ar\/site\/wp-json\/wp\/v2\/posts"}],"about":[{"href":"https:\/\/oasisfm935.com.ar\/site\/wp-json\/wp\/v2\/types\/post"}],"author":[{"embeddable":true,"href":"https:\/\/oasisfm935.com.ar\/site\/wp-json\/wp\/v2\/users\/4"}],"replies":[{"embeddable":true,"href":"https:\/\/oasisfm935.com.ar\/site\/wp-json\/wp\/v2\/comments?post=6373"}],"version-history":[{"count":3,"href":"https:\/\/oasisfm935.com.ar\/site\/wp-json\/wp\/v2\/posts\/6373\/revisions"}],"predecessor-version":[{"id":6377,"href":"https:\/\/oasisfm935.com.ar\/site\/wp-json\/wp\/v2\/posts\/6373\/revisions\/6377"}],"wp:featuredmedia":[{"embeddable":true,"href":"https:\/\/oasisfm935.com.ar\/site\/wp-json\/wp\/v2\/media\/6374"}],"wp:attachment":[{"href":"https:\/\/oasisfm935.com.ar\/site\/wp-json\/wp\/v2\/media?parent=6373"}],"wp:term":[{"taxonomy":"category","embeddable":true,"href":"https:\/\/oasisfm935.com.ar\/site\/wp-json\/wp\/v2\/categories?post=6373"},{"taxonomy":"post_tag","embeddable":true,"href":"https:\/\/oasisfm935.com.ar\/site\/wp-json\/wp\/v2\/tags?post=6373"}],"curies":[{"name":"wp","href":"https:\/\/api.w.org\/{rel}","templated":true}]}}