{"id":6379,"date":"2020-08-20T14:52:02","date_gmt":"2020-08-20T17:52:02","guid":{"rendered":"http:\/\/oasisfm935.com\/site\/?p=6379"},"modified":"2020-08-20T14:52:02","modified_gmt":"2020-08-20T17:52:02","slug":"mas-de-15-horas-de-trabajo-y-a-temperaturas-bajo-0-para-controlar-un-incendio-al-oeste-de-ing-luiggi","status":"publish","type":"post","link":"https:\/\/oasisfm935.com.ar\/site\/mas-de-15-horas-de-trabajo-y-a-temperaturas-bajo-0-para-controlar-un-incendio-al-oeste-de-ing-luiggi\/","title":{"rendered":"M\u00e1s de 15 horas de trabajo y a temperaturas bajo 0, para controlar un incendio al oeste de Ing. Luiggi"},"content":{"rendered":"<p>Durante m\u00e1s de 15 horas de trabajo, y soportando temperaturas que llegaron a los 9\u00ba bajo 0, bomberos de Ingeniero Luiggi y la zona lograron controlar un incendio hacia el oeste de la localidad.<\/p>\n<p>Los bomberos llegaron hoy a las 7,30 de la ma\u00f1ana tras m\u00e1s de 15 horas de un arduo trabajo para poder combatir un incendio al oeste de Ingeniero Luiggi, que se hab\u00eda originado alrededor de las 14 del mi\u00e9rcoles.<\/p>\n<p><strong>El subjefe Sebastian Hamdan inform\u00f3 a Zonal Noticias\u00a0<\/strong>que 7,25 de esta ma\u00f1ana se dio por terminado el servicio.<\/p>\n<p><img decoding=\"async\" src=\"https:\/\/zonalnoticias.com\/wp-content\/uploads\/2020\/08\/incendio-luiggi-3-1024x768.jpg\" \/><\/p>\n<p>\u00bb Se hizo la circunscripci\u00f3n del fuego dentro del campo de Lorenzo, se termin\u00f3 de hacer toda la quema interna del campo par evitar que se propague hacia otros campos y se dio por terminado el trabajo\u00bb, explic\u00f3 el bombero voluntario.<\/p>\n<p><strong>\u00abDespu\u00e9s de much\u00edsimo trabajo, los chicos pudieron controlar este incendio de magnitud\u00bb<\/strong>, indic\u00f3.<\/p>\n<p>\u00abFueron much\u00edsimas horas de trabajo (recordemos que se inici\u00f3 el mi\u00e9rcoles a las 14 horas aproximadamente), con mucho fr\u00edo, trabajaron con temperaturas por debajo de los 9 grados bajo 0, las condiciones eran terribles por el fr\u00edo, pero cumplieron con su trabajo\u00bb, resalt\u00f3 Hamdan.<\/p>\n<p>El subjefe del Cuerpo Activo concluy\u00f3: \u00ab<strong>Estoy muy orgullosos de ellos\u00bb.<\/strong><\/p>\n<p><strong>Recordemos que el fuego se inici\u00f3 ayer pasado el mediod\u00eda, y en forma ininterrumpida varias cuadrillas estuvieron trabajando en este incendio de importantes dimensiones en una zona de montes al oeste de Ingeniero Luiggi.<\/strong><\/p>\n<p><strong>El viento reinante en la jornada del mi\u00e9rcoles dificult\u00f3 el accionar de los voluntarios, sumado al fr\u00edo de la noche, con temperaturas por debajo de las 9 grados bajo 0, que debieron soportar los servidores p\u00fablicos.<\/strong><\/p>\n<p>Los voluntarios de la localidad contaron con el apoyo de los bomberos de Parera, Rancul, La Maruja y personal de Defensa Civil.<\/p>\n<p><strong>Se fueron realizando relevos, porque el trabajo de extinci\u00f3n en el lugar se extendi\u00f3 por m\u00e1s de 15 horas. Finalmente esta ma\u00f1ana alrededor de las 7,30, logr\u00f3 controlarse el foco \u00edgneo. A\u00fan no fueron confirmadas las causas que originaron el fuego.<\/strong><\/p>\n<p><img decoding=\"async\" src=\"https:\/\/zonalnoticias.com\/wp-content\/uploads\/2020\/08\/incendio-luiggi-5-1024x768.jpg\" \/><\/p>\n<p>&nbsp;<\/p>\n<div class=\"oasis-despues-del-contenido\" id=\"oasis-343596831\"><img loading=\"lazy\" decoding=\"async\" src=\"https:\/\/oasisfm935.com.ar\/site\/wp-content\/uploads\/2020\/08\/47806202-8741-49f2-a5c9-d2f930e5baa1.jpg\" alt=\"\"  srcset=\"https:\/\/oasisfm935.com.ar\/site\/wp-content\/uploads\/2020\/08\/47806202-8741-49f2-a5c9-d2f930e5baa1.jpg 1080w, https:\/\/oasisfm935.com.ar\/site\/wp-content\/uploads\/2020\/08\/47806202-8741-49f2-a5c9-d2f930e5baa1-300x300.jpg 300w, https:\/\/oasisfm935.com.ar\/site\/wp-content\/uploads\/2020\/08\/47806202-8741-49f2-a5c9-d2f930e5baa1-1024x1024.jpg 1024w, https:\/\/oasisfm935.com.ar\/site\/wp-content\/uploads\/2020\/08\/47806202-8741-49f2-a5c9-d2f930e5baa1-150x150.jpg 150w, https:\/\/oasisfm935.com.ar\/site\/wp-content\/uploads\/2020\/08\/47806202-8741-49f2-a5c9-d2f930e5baa1-768x768.jpg 768w\" sizes=\"(max-width: 1080px) 100vw, 1080px\" class=\"no-lazyload\" width=\"1080\" height=\"1080\"  style=\"display: inline-block;\" \/><\/div>","protected":false},"excerpt":{"rendered":"<p>Durante m\u00e1s de 15 horas de trabajo, y soportando temperaturas que llegaron a los 9\u00ba bajo 0, bomberos de Ingeniero Luiggi y<\/p>\n","protected":false},"author":4,"featured_media":6380,"comment_status":"closed","ping_status":"open","sticky":false,"template":"","format":"standard","meta":{"colormag_page_layout":"default_layout","footnotes":""},"categories":[2],"tags":[],"class_list":["post-6379","post","type-post","status-publish","format-standard","has-post-thumbnail","hentry","category-noticias"],"_links":{"self":[{"href":"https:\/\/oasisfm935.com.ar\/site\/wp-json\/wp\/v2\/posts\/6379","targetHints":{"allow":["GET"]}}],"collection":[{"href":"https:\/\/oasisfm935.com.ar\/site\/wp-json\/wp\/v2\/posts"}],"about":[{"href":"https:\/\/oasisfm935.com.ar\/site\/wp-json\/wp\/v2\/types\/post"}],"author":[{"embeddable":true,"href":"https:\/\/oasisfm935.com.ar\/site\/wp-json\/wp\/v2\/users\/4"}],"replies":[{"embeddable":true,"href":"https:\/\/oasisfm935.com.ar\/site\/wp-json\/wp\/v2\/comments?post=6379"}],"version-history":[{"count":1,"href":"https:\/\/oasisfm935.com.ar\/site\/wp-json\/wp\/v2\/posts\/6379\/revisions"}],"predecessor-version":[{"id":6381,"href":"https:\/\/oasisfm935.com.ar\/site\/wp-json\/wp\/v2\/posts\/6379\/revisions\/6381"}],"wp:featuredmedia":[{"embeddable":true,"href":"https:\/\/oasisfm935.com.ar\/site\/wp-json\/wp\/v2\/media\/6380"}],"wp:attachment":[{"href":"https:\/\/oasisfm935.com.ar\/site\/wp-json\/wp\/v2\/media?parent=6379"}],"wp:term":[{"taxonomy":"category","embeddable":true,"href":"https:\/\/oasisfm935.com.ar\/site\/wp-json\/wp\/v2\/categories?post=6379"},{"taxonomy":"post_tag","embeddable":true,"href":"https:\/\/oasisfm935.com.ar\/site\/wp-json\/wp\/v2\/tags?post=6379"}],"curies":[{"name":"wp","href":"https:\/\/api.w.org\/{rel}","templated":true}]}}