{"id":6383,"date":"2020-08-20T19:53:09","date_gmt":"2020-08-20T22:53:09","guid":{"rendered":"http:\/\/oasisfm935.com\/site\/?p=6383"},"modified":"2020-08-20T19:53:17","modified_gmt":"2020-08-20T22:53:17","slug":"la-pampa-coronavirus-otras-22-muestras-negativas","status":"publish","type":"post","link":"https:\/\/oasisfm935.com.ar\/site\/la-pampa-coronavirus-otras-22-muestras-negativas\/","title":{"rendered":"La Pampa Coronavirus: otras 22 muestras \u00abnegativas\u00bb"},"content":{"rendered":"<p>ste jueves se recuperaron de la enfermedad dos personas de Catril\u00f3.\u00a0<strong>Todav\u00eda permanecen 15 casos activos en la provincia<\/strong>.<\/p>\n<p>El Ministerio de Salud de la provincia dio a conocer este jueves por la tarde un nuevo informe sanitario. \u00ab22 muestras analizadas en el laboratorio Central de la Direcci\u00f3n de Epidemiolog\u00eda y en los laboratorios de Bacteriolog\u00eda del Hospital Lucio Molas y Gobernador Centeno resultaron negativas para COVID-19&#8243;, se indic\u00f3 en un parte de prensa oficial.<\/p>\n<p>Adem\u00e1s, Salud realiz\u00f3 un relevamiento a trav\u00e9s del los programas \u201cPrevenci\u00f3n Focalizada y B\u00fasqueda Activa\u00bb en el barrio Los Hornos de la ciudad de Santa Rosa.<\/p>\n<p>\u00abLa Direcci\u00f3n General de Asistencia Social y Comunitaria junto al equipo de trabajo del Centro Sanitario y Personal del Centro de Salud del barrio Los Hornos, recorrieron un total de 85 domicilios, visitando 274 personas. A las cuales recordaron las medidas de prevenci\u00f3n y tambi\u00e9n consultaron sobre la posibilidad de s\u00edntomas respiratorios, con el objetivo de bloquear posibles casos de este nuevo coronavirus. Durante el rastrillaje no fue necesario realizar ning\u00fan hisopado para COVID-19. En esta oportunidad se reforz\u00f3 tambi\u00e9n el control de libretas de vacunaci\u00f3n y control de patolog\u00edas cr\u00f3nicas, de esta manera se contin\u00faa fortaleciendo el v\u00ednculo entre la poblaci\u00f3n y el centro de salud\u00bb, indic\u00f3 el mismo parte de prensa.<\/p>\n<p>Tambi\u00e9n se dio conocer que este jueves se recuperaron dos personas pertenecientes a la localidad de Catril\u00f3.<\/p>\n<p>Desde el inicio de la pandemia, en La Pampa se registraron un total 185 casos positivos para COVID-19: 170 se han recuperado y 15 permanecen activos.<\/p>\n<p><strong>Estos \u00faltimos est\u00e1n distribuidos de la siguiente manera: 7 en General Pico, 4 en Santa Rosa, 2 en Catril\u00f3, 1 en Realic\u00f3 y 1 Macach\u00edn.<\/strong><\/p>\n<p>\u00abLos contactos estrechos de los casos confirmados son 76 y se encuentran cumpliendo aislamiento estricto, los mismos son monitoreados por personal de salud. Al d\u00eda de la fecha se les ha tomado muestra a trav\u00e9s del hisopado nasofar\u00edngeo en La Pampa a 2827 personas\u00bb, indico el escrito oficial.<\/p>\n<p>Hasta hoy se encuentran internadas un total de 6 personas. Tres en el Hospital Gobernador Centeno de General Pico, de las cuales dos permanecen con \u00abestado moderado\u00bb y una en terapia intensiva. Mientras que en el Centro Emergente de Asistencia Respiratoria de Santa Rosa se encuentran internadas tres personas, dos en terapia intensiva y una en cl\u00ednica m\u00e9dica.<\/p>\n<p><strong>\u00abLos tres pacientes internados en Unidad de Terapia Intensiva se encuentran estables y han presentado mejor\u00edas\u00bb<\/strong>, finaliz\u00f3 el informe de Salud.<\/p>\n<div class=\"oasis-despues-del-contenido\" id=\"oasis-136475570\"><img loading=\"lazy\" decoding=\"async\" src=\"https:\/\/oasisfm935.com.ar\/site\/wp-content\/uploads\/2020\/08\/47806202-8741-49f2-a5c9-d2f930e5baa1.jpg\" alt=\"\"  srcset=\"https:\/\/oasisfm935.com.ar\/site\/wp-content\/uploads\/2020\/08\/47806202-8741-49f2-a5c9-d2f930e5baa1.jpg 1080w, https:\/\/oasisfm935.com.ar\/site\/wp-content\/uploads\/2020\/08\/47806202-8741-49f2-a5c9-d2f930e5baa1-300x300.jpg 300w, https:\/\/oasisfm935.com.ar\/site\/wp-content\/uploads\/2020\/08\/47806202-8741-49f2-a5c9-d2f930e5baa1-1024x1024.jpg 1024w, https:\/\/oasisfm935.com.ar\/site\/wp-content\/uploads\/2020\/08\/47806202-8741-49f2-a5c9-d2f930e5baa1-150x150.jpg 150w, https:\/\/oasisfm935.com.ar\/site\/wp-content\/uploads\/2020\/08\/47806202-8741-49f2-a5c9-d2f930e5baa1-768x768.jpg 768w\" sizes=\"(max-width: 1080px) 100vw, 1080px\" class=\"no-lazyload\" width=\"1080\" height=\"1080\"  style=\"display: inline-block;\" \/><\/div>","protected":false},"excerpt":{"rendered":"<p>ste jueves se recuperaron de la enfermedad dos personas de Catril\u00f3.\u00a0Todav\u00eda permanecen 15 casos activos en la provincia. El Ministerio de Salud<\/p>\n","protected":false},"author":4,"featured_media":6384,"comment_status":"closed","ping_status":"open","sticky":false,"template":"","format":"standard","meta":{"colormag_page_layout":"default_layout","footnotes":""},"categories":[2],"tags":[],"class_list":["post-6383","post","type-post","status-publish","format-standard","has-post-thumbnail","hentry","category-noticias"],"_links":{"self":[{"href":"https:\/\/oasisfm935.com.ar\/site\/wp-json\/wp\/v2\/posts\/6383","targetHints":{"allow":["GET"]}}],"collection":[{"href":"https:\/\/oasisfm935.com.ar\/site\/wp-json\/wp\/v2\/posts"}],"about":[{"href":"https:\/\/oasisfm935.com.ar\/site\/wp-json\/wp\/v2\/types\/post"}],"author":[{"embeddable":true,"href":"https:\/\/oasisfm935.com.ar\/site\/wp-json\/wp\/v2\/users\/4"}],"replies":[{"embeddable":true,"href":"https:\/\/oasisfm935.com.ar\/site\/wp-json\/wp\/v2\/comments?post=6383"}],"version-history":[{"count":1,"href":"https:\/\/oasisfm935.com.ar\/site\/wp-json\/wp\/v2\/posts\/6383\/revisions"}],"predecessor-version":[{"id":6385,"href":"https:\/\/oasisfm935.com.ar\/site\/wp-json\/wp\/v2\/posts\/6383\/revisions\/6385"}],"wp:featuredmedia":[{"embeddable":true,"href":"https:\/\/oasisfm935.com.ar\/site\/wp-json\/wp\/v2\/media\/6384"}],"wp:attachment":[{"href":"https:\/\/oasisfm935.com.ar\/site\/wp-json\/wp\/v2\/media?parent=6383"}],"wp:term":[{"taxonomy":"category","embeddable":true,"href":"https:\/\/oasisfm935.com.ar\/site\/wp-json\/wp\/v2\/categories?post=6383"},{"taxonomy":"post_tag","embeddable":true,"href":"https:\/\/oasisfm935.com.ar\/site\/wp-json\/wp\/v2\/tags?post=6383"}],"curies":[{"name":"wp","href":"https:\/\/api.w.org\/{rel}","templated":true}]}}