{"id":6395,"date":"2020-08-21T10:43:14","date_gmt":"2020-08-21T13:43:14","guid":{"rendered":"http:\/\/oasisfm935.com\/site\/?p=6395"},"modified":"2020-08-21T12:55:14","modified_gmt":"2020-08-21T15:55:14","slug":"ingeniero-luiggi-frejupa-repudio-la-presencial-del-concejal-cornejo-en-la-manifestacion-de-dia-lunes","status":"publish","type":"post","link":"https:\/\/oasisfm935.com.ar\/site\/ingeniero-luiggi-frejupa-repudio-la-presencial-del-concejal-cornejo-en-la-manifestacion-de-dia-lunes\/","title":{"rendered":"Ingeniero Luiggi: FREJUPA repudi\u00f3 la presencial del Concejal Cornejo en la Manifestaci\u00f3n de d\u00eda lunes."},"content":{"rendered":"<p><strong>El bloque del Frejupa repudia la presencia del concejal Cornejo en la manifestaci\u00f3n que fue convocada el pasado lunes 17 de Agosto en nuestra localidad.<\/strong><\/p>\n<p>En un comunicado el bloque del PJ informo que el d\u00eda martes 18 de agosto antes de comenzar a exponer el orden de los temas tratados en la \u00faltima sesi\u00f3n, queremos hacer la siguiente aclaraci\u00f3n: repudiarla presencia del concejal Cornejo en la manifestaci\u00f3n que fuere convocada el pasado lunes 17 de Agosto en nuestra localidad.<\/p>\n<p>No desconocemos, ni mucho menos es nuestra intenci\u00f3n, obstaculizar el derecho Constitucional que le asiste a todo ciudadano de poder manifestar p\u00fablicamente sus ideas, pero, teniendo en cuenta el momento de excepci\u00f3n que estamos viviendo es que, desde nuestro Bloque, entendemos que como referentes pol\u00edticos debemos acompa\u00f1ar a la sociedad en el cumplimiento de las medidas y sumarnos,responsablemente, al esfuerzo colectivo, evitando situaciones que puedan potenciar un riesgo sanitario.<\/p>\n<p>http:\/\/oasisfm935.com\/site\/ingeniero-luiggi-marcha-17a-cornejo-me-pone-contento-que-la-gente-se-haya-manifestado\/<\/p>\n<p>&nbsp;<\/p>\n<p>&nbsp;<\/p>\n<div class=\"oasis-despues-del-contenido\" id=\"oasis-3813997363\"><img loading=\"lazy\" decoding=\"async\" src=\"https:\/\/oasisfm935.com.ar\/site\/wp-content\/uploads\/2020\/08\/47806202-8741-49f2-a5c9-d2f930e5baa1.jpg\" alt=\"\"  srcset=\"https:\/\/oasisfm935.com.ar\/site\/wp-content\/uploads\/2020\/08\/47806202-8741-49f2-a5c9-d2f930e5baa1.jpg 1080w, https:\/\/oasisfm935.com.ar\/site\/wp-content\/uploads\/2020\/08\/47806202-8741-49f2-a5c9-d2f930e5baa1-300x300.jpg 300w, https:\/\/oasisfm935.com.ar\/site\/wp-content\/uploads\/2020\/08\/47806202-8741-49f2-a5c9-d2f930e5baa1-1024x1024.jpg 1024w, https:\/\/oasisfm935.com.ar\/site\/wp-content\/uploads\/2020\/08\/47806202-8741-49f2-a5c9-d2f930e5baa1-150x150.jpg 150w, https:\/\/oasisfm935.com.ar\/site\/wp-content\/uploads\/2020\/08\/47806202-8741-49f2-a5c9-d2f930e5baa1-768x768.jpg 768w\" sizes=\"(max-width: 1080px) 100vw, 1080px\" class=\"no-lazyload\" width=\"1080\" height=\"1080\"  style=\"display: inline-block;\" \/><\/div>","protected":false},"excerpt":{"rendered":"<p>El bloque del Frejupa repudia la presencia del concejal Cornejo en la manifestaci\u00f3n que fue convocada el pasado lunes 17 de Agosto<\/p>\n","protected":false},"author":4,"featured_media":6396,"comment_status":"closed","ping_status":"open","sticky":false,"template":"","format":"standard","meta":{"colormag_page_layout":"default_layout","footnotes":""},"categories":[2],"tags":[],"class_list":["post-6395","post","type-post","status-publish","format-standard","has-post-thumbnail","hentry","category-noticias"],"_links":{"self":[{"href":"https:\/\/oasisfm935.com.ar\/site\/wp-json\/wp\/v2\/posts\/6395","targetHints":{"allow":["GET"]}}],"collection":[{"href":"https:\/\/oasisfm935.com.ar\/site\/wp-json\/wp\/v2\/posts"}],"about":[{"href":"https:\/\/oasisfm935.com.ar\/site\/wp-json\/wp\/v2\/types\/post"}],"author":[{"embeddable":true,"href":"https:\/\/oasisfm935.com.ar\/site\/wp-json\/wp\/v2\/users\/4"}],"replies":[{"embeddable":true,"href":"https:\/\/oasisfm935.com.ar\/site\/wp-json\/wp\/v2\/comments?post=6395"}],"version-history":[{"count":5,"href":"https:\/\/oasisfm935.com.ar\/site\/wp-json\/wp\/v2\/posts\/6395\/revisions"}],"predecessor-version":[{"id":6401,"href":"https:\/\/oasisfm935.com.ar\/site\/wp-json\/wp\/v2\/posts\/6395\/revisions\/6401"}],"wp:featuredmedia":[{"embeddable":true,"href":"https:\/\/oasisfm935.com.ar\/site\/wp-json\/wp\/v2\/media\/6396"}],"wp:attachment":[{"href":"https:\/\/oasisfm935.com.ar\/site\/wp-json\/wp\/v2\/media?parent=6395"}],"wp:term":[{"taxonomy":"category","embeddable":true,"href":"https:\/\/oasisfm935.com.ar\/site\/wp-json\/wp\/v2\/categories?post=6395"},{"taxonomy":"post_tag","embeddable":true,"href":"https:\/\/oasisfm935.com.ar\/site\/wp-json\/wp\/v2\/tags?post=6395"}],"curies":[{"name":"wp","href":"https:\/\/api.w.org\/{rel}","templated":true}]}}