{"id":6403,"date":"2020-08-21T13:56:02","date_gmt":"2020-08-21T16:56:02","guid":{"rendered":"http:\/\/oasisfm935.com\/site\/?p=6403"},"modified":"2020-08-21T13:57:49","modified_gmt":"2020-08-21T16:57:49","slug":"la-pampa-vuelven-las-reuniones-familiares-y-se-habilita-la-circulacion-interurbana","status":"publish","type":"post","link":"https:\/\/oasisfm935.com.ar\/site\/la-pampa-vuelven-las-reuniones-familiares-y-se-habilita-la-circulacion-interurbana\/","title":{"rendered":"La Pampa :Vuelven las reuniones familiares y se habilita la circulaci\u00f3n interurbana"},"content":{"rendered":"<p class=\"lead nota-detalle-bajada\">Las pampeanos y las pampeanas \u00a0podr\u00e1n volver a juntarse en la mesa \u00a0familiar a partir de ma\u00f1ana s\u00e1bado 22 de agosto. As\u00ed lo resolvi\u00f3 el gobernador Sergio Ziliotto luego que el Jefe de Gabinete le adelantara que se acept\u00f3 el pedido de La Pampa para habilitar las reuniones familiares. Tambi\u00e9n se autoriza la circulaci\u00f3n entre localidades.<\/p>\n<div class=\"nota-detalle-cuerpo\">El decreto provincial que autoriza las reuniones familiares precisa que podr\u00e1n realizarse los d\u00edas s\u00e1bados, domingos y feriados en el horario de 10:00 a 18:00 horas, con un m\u00e1ximo de 10 personas y en domicilios particulares.<\/div>\n<div class=\"nota-detalle-cuerpo\">Asimismo y a los efectos de facilitar las reuniones con \u00a0familiares de \u00a0otras localidades,\u00a0 se habilit\u00f3\u00a0 en todo el territorio de la Provincia la circulaci\u00f3n los d\u00edas s\u00e1bados, domingos y feriados en el horario de 07:00 horas a 21:00 horas.<br \/>\nVale mencionar que\u00a0 los traslados interurbanos que se realicen con este fin no requerir\u00e1n el permiso de circulaci\u00f3n que los habilite.<br \/>\nLa decisi\u00f3n administrativa y el decreto provincial que permiten las nuevas actividades ser\u00e1n publicadas antes de la entrada en vigencia de los horarios establecidos para las actividades habilitadas para este s\u00e1bado.<\/div>\n<div class=\"nota-detalle-cuerpo\"><strong>Compromiso, solidaridad y responsabilidad social<\/strong><br \/>\nDesde el Gobierno Provincial, una vez m\u00e1s, \u201cse insta\u00a0 a los comprovincianos y a la poblaci\u00f3n pampeana en general a actuar como compromiso, solidaridad y responsabilidad social,\u00a0 acatando las formas, condiciones y modalidades aconsejadas\u201d.<\/div>\n<div class=\"nota-detalle-cuerpo\">En este sentido se enfatiza la necesidad de tener \u201cen cuenta que la pandemia provocada por el Coronavirus \u2013COVID 19- involucra cuestiones sensibles de salud de toda la poblaci\u00f3n\u201d.<\/div>\n<div class=\"nota-detalle-cuerpo\"><strong>\u00a0Recomendaciones sanitarias y epidemiol\u00f3gicas<\/strong><br \/>\nSe hace expresa menci\u00f3n a la necesidad de continuar utilizando el cubre nariz, boca y ment\u00f3n y se sugiere que las reuniones\u00a0 deber\u00e1n llevarse a cabo en lugares abiertos; en caso de realizaci\u00f3n en lugares cerrados, que cuenten con suficiente ventilaci\u00f3n y aireaci\u00f3n naturales.<\/div>\n<div class=\"nota-detalle-cuerpo\">Los encuentros no podr\u00e1n ser de m\u00e1s de 10\u00a0 personas. y se recomienda no compartir el mate o infusiones, ni utensilios, \u00a0ni vajillas.<\/div>\n<div class=\"nota-detalle-cuerpo\">Se debe mantenerse en todo momento un distanciamiento social m\u00ednimo de 2 metros entre personas y se deber\u00e1n contar con elementos para higiene frecuente de manos (lavado con agua y jab\u00f3n o alcohol al 70% diluido o en gel).<\/div>\n<div class=\"oasis-despues-del-contenido\" id=\"oasis-2649068347\"><img loading=\"lazy\" decoding=\"async\" src=\"https:\/\/oasisfm935.com.ar\/site\/wp-content\/uploads\/2020\/08\/47806202-8741-49f2-a5c9-d2f930e5baa1.jpg\" alt=\"\"  srcset=\"https:\/\/oasisfm935.com.ar\/site\/wp-content\/uploads\/2020\/08\/47806202-8741-49f2-a5c9-d2f930e5baa1.jpg 1080w, https:\/\/oasisfm935.com.ar\/site\/wp-content\/uploads\/2020\/08\/47806202-8741-49f2-a5c9-d2f930e5baa1-300x300.jpg 300w, https:\/\/oasisfm935.com.ar\/site\/wp-content\/uploads\/2020\/08\/47806202-8741-49f2-a5c9-d2f930e5baa1-1024x1024.jpg 1024w, https:\/\/oasisfm935.com.ar\/site\/wp-content\/uploads\/2020\/08\/47806202-8741-49f2-a5c9-d2f930e5baa1-150x150.jpg 150w, https:\/\/oasisfm935.com.ar\/site\/wp-content\/uploads\/2020\/08\/47806202-8741-49f2-a5c9-d2f930e5baa1-768x768.jpg 768w\" sizes=\"(max-width: 1080px) 100vw, 1080px\" class=\"no-lazyload\" width=\"1080\" height=\"1080\"  style=\"display: inline-block;\" \/><\/div>","protected":false},"excerpt":{"rendered":"<p>Las pampeanos y las pampeanas \u00a0podr\u00e1n volver a juntarse en la mesa \u00a0familiar a partir de ma\u00f1ana s\u00e1bado 22 de agosto. As\u00ed<\/p>\n","protected":false},"author":4,"featured_media":6404,"comment_status":"closed","ping_status":"open","sticky":false,"template":"","format":"standard","meta":{"colormag_page_layout":"default_layout","footnotes":""},"categories":[2],"tags":[],"class_list":["post-6403","post","type-post","status-publish","format-standard","has-post-thumbnail","hentry","category-noticias"],"_links":{"self":[{"href":"https:\/\/oasisfm935.com.ar\/site\/wp-json\/wp\/v2\/posts\/6403","targetHints":{"allow":["GET"]}}],"collection":[{"href":"https:\/\/oasisfm935.com.ar\/site\/wp-json\/wp\/v2\/posts"}],"about":[{"href":"https:\/\/oasisfm935.com.ar\/site\/wp-json\/wp\/v2\/types\/post"}],"author":[{"embeddable":true,"href":"https:\/\/oasisfm935.com.ar\/site\/wp-json\/wp\/v2\/users\/4"}],"replies":[{"embeddable":true,"href":"https:\/\/oasisfm935.com.ar\/site\/wp-json\/wp\/v2\/comments?post=6403"}],"version-history":[{"count":4,"href":"https:\/\/oasisfm935.com.ar\/site\/wp-json\/wp\/v2\/posts\/6403\/revisions"}],"predecessor-version":[{"id":6408,"href":"https:\/\/oasisfm935.com.ar\/site\/wp-json\/wp\/v2\/posts\/6403\/revisions\/6408"}],"wp:featuredmedia":[{"embeddable":true,"href":"https:\/\/oasisfm935.com.ar\/site\/wp-json\/wp\/v2\/media\/6404"}],"wp:attachment":[{"href":"https:\/\/oasisfm935.com.ar\/site\/wp-json\/wp\/v2\/media?parent=6403"}],"wp:term":[{"taxonomy":"category","embeddable":true,"href":"https:\/\/oasisfm935.com.ar\/site\/wp-json\/wp\/v2\/categories?post=6403"},{"taxonomy":"post_tag","embeddable":true,"href":"https:\/\/oasisfm935.com.ar\/site\/wp-json\/wp\/v2\/tags?post=6403"}],"curies":[{"name":"wp","href":"https:\/\/api.w.org\/{rel}","templated":true}]}}