{"id":6409,"date":"2020-08-21T19:28:56","date_gmt":"2020-08-21T22:28:56","guid":{"rendered":"http:\/\/oasisfm935.com\/site\/?p=6409"},"modified":"2020-08-21T19:30:30","modified_gmt":"2020-08-21T22:30:30","slug":"coronavirus-la-pampa-un-nuevo-contacto-estrecho-de-general-pico-resulto-positivo-tenia-nexo-en-buenos-aires","status":"publish","type":"post","link":"https:\/\/oasisfm935.com.ar\/site\/coronavirus-la-pampa-un-nuevo-contacto-estrecho-de-general-pico-resulto-positivo-tenia-nexo-en-buenos-aires\/","title":{"rendered":"Coronavirus La Pampa: Un nuevo contacto estrecho de General Pico result\u00f3 positivo, ten\u00eda nexo en Buenos Aires"},"content":{"rendered":"<p>El\u00a0 Gobierno de la Provincia de La Pampa a trav\u00e9s del Ministerio de Salud comunic\u00f3 que en la tarde del 21 de agosto, se analizaron 24 muestras en el laboratorio Central de la Direcci\u00f3n de Epidemiolog\u00eda y en el laboratorio Gobernador Centeno, donde una muestra result\u00f3 positiva para COVID-19.<\/p>\n<p><strong> Se trata de una persona residente en la localidad de General Pico, que hab\u00eda sido considerada contacto estrecho de un caso positivo con nexo en Buenos Aires.<\/strong><\/p>\n<p>A ra\u00edz de esta situaci\u00f3n se encontraba\u00a0 cumpliendo estricto aislamiento, desde hace 13 d\u00edas, en un hotel de la ciudad de Castex. Durante el aislamiento la paciente y su \u00fanico contacto estrecho se enteran del fallecimiento de un familiar por COVID-19 con el que ellas hab\u00edan estado, por este motivo cambi\u00f3\u00a0 la\u00a0 situaci\u00f3n de ambas, de estar aislada por viaje\u00a0 pasaron a\u00a0 estar aislada por ser contacto estrecho de un caso confirmado.<\/p>\n<p><strong>El \u00fanico contacto estrecho que refiere la paciente es su hija, con quien estaba aislada y tambi\u00e9n present\u00f3 s\u00edntomas, la misma ser\u00e1 hisopada nuevamente en 72hs.<\/strong><\/p>\n<p><strong>\u201cB\u00fasqueda Activa\u201d<\/strong><\/p>\n<p>En el d\u00eda de la fecha, se realiz\u00f3 un amplio operativo\u00a0 del programa \u00abB\u00fasqueda Activa \u201c, que incluy\u00f3 a\u00a0 75 trabajadores de salud para realizar un relevamiento en los barrios: Villa Amalia, Villa Martita y Villa Navarro Sarmiento. En el mismo, se relevaron 506 domicilios y 1502 personas.\u00a0 Solo 2 personas ten\u00edan s\u00edntomas respiratorios. Por este motivo se les realiz\u00f3 el hisopado correspondiente y se los aisl\u00f3 preventivamente al igual que a su grupo familiar, hasta conocer el resultado de las muestras que se encuentran en procesamiento. En este nuevo rastrillaje se reforzaron y sensibilizaron\u00a0 las medidas de protecci\u00f3n.<\/p>\n<p><strong>Situaci\u00f3n Provincial<\/strong><\/p>\n<p>Desde el inicio de la pandemia,\u00a0 en nuestra provincia, se registraron\u00a0 un total 186 casos positivos para COVID-19, de los cuales 170 se han recuperado y 16 permanecen\u00a0 activos.\u00a0 Estos \u00faltimos est\u00e1n distribuidos de la siguiente manera: 4 en la ciudad de Santa Rosa, 8 en General Pico,\u00a0 2 en Catril\u00f3, 1 en Realic\u00f3 y 1 Macach\u00edn.<br \/>\nLos contactos estrechos de los casos confirmados son 77 y se encuentran cumpliendo aislamiento estricto, los mismos\u00a0 son monitoreados por personal de salud.<\/p>\n<p>Al d\u00eda de la fecha\u00a0 se les ha tomado muestra a trav\u00e9s del hisopado nasofar\u00edngeo en La Pampa\u00a0 a\u00a0 2851\u00a0 personas.<br \/>\nSe encuentran\u00a0 internadas un total de 6 personas confirmadas para COVID-19.\u00a0 En General Pico 3 personas en el Hospital Gobernador Centeno, de las cuales\u00a0 2 permanecen con estado moderado y 1 persona en terapia intensiva. En el Centro Emergente de Asistencia Respiratoria de la localidad de Santa Rosa, se encuentran internadas 3 personas, 2 en cl\u00ednica m\u00e9dica y 1 en terapia intensiva. Una de las personas que se encontraba en cuidados intensivos present\u00f3 mejor\u00edas y fue trasladada a una sala de cl\u00ednica m\u00e9dica.<\/p>\n<div class=\"oasis-despues-del-contenido\" id=\"oasis-766499739\"><img loading=\"lazy\" decoding=\"async\" src=\"https:\/\/oasisfm935.com.ar\/site\/wp-content\/uploads\/2020\/08\/47806202-8741-49f2-a5c9-d2f930e5baa1.jpg\" alt=\"\"  srcset=\"https:\/\/oasisfm935.com.ar\/site\/wp-content\/uploads\/2020\/08\/47806202-8741-49f2-a5c9-d2f930e5baa1.jpg 1080w, https:\/\/oasisfm935.com.ar\/site\/wp-content\/uploads\/2020\/08\/47806202-8741-49f2-a5c9-d2f930e5baa1-300x300.jpg 300w, https:\/\/oasisfm935.com.ar\/site\/wp-content\/uploads\/2020\/08\/47806202-8741-49f2-a5c9-d2f930e5baa1-1024x1024.jpg 1024w, https:\/\/oasisfm935.com.ar\/site\/wp-content\/uploads\/2020\/08\/47806202-8741-49f2-a5c9-d2f930e5baa1-150x150.jpg 150w, https:\/\/oasisfm935.com.ar\/site\/wp-content\/uploads\/2020\/08\/47806202-8741-49f2-a5c9-d2f930e5baa1-768x768.jpg 768w\" sizes=\"(max-width: 1080px) 100vw, 1080px\" class=\"no-lazyload\" width=\"1080\" height=\"1080\"  style=\"display: inline-block;\" \/><\/div>","protected":false},"excerpt":{"rendered":"<p>El\u00a0 Gobierno de la Provincia de La Pampa a trav\u00e9s del Ministerio de Salud comunic\u00f3 que en la tarde del 21 de<\/p>\n","protected":false},"author":4,"featured_media":6410,"comment_status":"closed","ping_status":"open","sticky":false,"template":"","format":"standard","meta":{"colormag_page_layout":"default_layout","footnotes":""},"categories":[2],"tags":[],"class_list":["post-6409","post","type-post","status-publish","format-standard","has-post-thumbnail","hentry","category-noticias"],"_links":{"self":[{"href":"https:\/\/oasisfm935.com.ar\/site\/wp-json\/wp\/v2\/posts\/6409","targetHints":{"allow":["GET"]}}],"collection":[{"href":"https:\/\/oasisfm935.com.ar\/site\/wp-json\/wp\/v2\/posts"}],"about":[{"href":"https:\/\/oasisfm935.com.ar\/site\/wp-json\/wp\/v2\/types\/post"}],"author":[{"embeddable":true,"href":"https:\/\/oasisfm935.com.ar\/site\/wp-json\/wp\/v2\/users\/4"}],"replies":[{"embeddable":true,"href":"https:\/\/oasisfm935.com.ar\/site\/wp-json\/wp\/v2\/comments?post=6409"}],"version-history":[{"count":3,"href":"https:\/\/oasisfm935.com.ar\/site\/wp-json\/wp\/v2\/posts\/6409\/revisions"}],"predecessor-version":[{"id":6413,"href":"https:\/\/oasisfm935.com.ar\/site\/wp-json\/wp\/v2\/posts\/6409\/revisions\/6413"}],"wp:featuredmedia":[{"embeddable":true,"href":"https:\/\/oasisfm935.com.ar\/site\/wp-json\/wp\/v2\/media\/6410"}],"wp:attachment":[{"href":"https:\/\/oasisfm935.com.ar\/site\/wp-json\/wp\/v2\/media?parent=6409"}],"wp:term":[{"taxonomy":"category","embeddable":true,"href":"https:\/\/oasisfm935.com.ar\/site\/wp-json\/wp\/v2\/categories?post=6409"},{"taxonomy":"post_tag","embeddable":true,"href":"https:\/\/oasisfm935.com.ar\/site\/wp-json\/wp\/v2\/tags?post=6409"}],"curies":[{"name":"wp","href":"https:\/\/api.w.org\/{rel}","templated":true}]}}