{"id":6414,"date":"2020-08-21T20:59:15","date_gmt":"2020-08-21T23:59:15","guid":{"rendered":"http:\/\/oasisfm935.com\/site\/?p=6414"},"modified":"2020-08-21T20:59:15","modified_gmt":"2020-08-21T23:59:15","slug":"declaran-servicios-publicos-a-internet-la-telefonia-y-la-tv-paga","status":"publish","type":"post","link":"https:\/\/oasisfm935.com.ar\/site\/declaran-servicios-publicos-a-internet-la-telefonia-y-la-tv-paga\/","title":{"rendered":"Declaran servicios p\u00fablicos a internet, la telefon\u00eda y la TV paga."},"content":{"rendered":"<p>El presidente de la Naci\u00f3n, Alberto Fern\u00e1ndez, inform\u00f3 esta tarde que la decisi\u00f3n se tom\u00f3 para garantizar un acceso universal a los servicios de comunicaci\u00f3n.<\/p>\n<p>\u201cHemos decidido declarar servicios p\u00fablicos a la telefon\u00eda celular, a los servicios de internet y a la televisi\u00f3n paga. De esta manera garantizamos el acceso a los mismos para todos y todas\u201d, inform\u00f3 el presidente de la Naci\u00f3n por su cuenta de Twitter.<\/p>\n<p>Agreg\u00f3 que \u201ctambi\u00e9n hemos dispuesto congelar hasta el 31 de diciembre las tarifas telef\u00f3nicas, de internet y de televisi\u00f3n paga. Ante las restricciones que la pandemia nos impone, nadie deber\u00e1 resignar parte de sus ingresos en afrontar aumentos en los precios de estos servicios\u201d, se\u00f1al\u00f3.<\/p>\n<p>\u201cDe esta manera estamos recuperando herramientas regulatorias que el gobierno anterior quit\u00f3 al Estado. El derecho de los usuarios y consumidores es un derecho constitucionalmente reconocido. En lo sucesivo, no podr\u00e1 haber ning\u00fan aumento sin la previa aprobaci\u00f3n del Estado\u201d, indic\u00f3.<\/p>\n<p>\u201cLa educaci\u00f3n, el acceso al conocimiento, a la cultura y a la comunicaci\u00f3n son derechos b\u00e1sicos que debemos preservar. Por eso hemos ordenado que de aqu\u00ed en adelante haya planes inclusivos de prestaci\u00f3n b\u00e1sica, universal y obligatoria para quienes menos tienen\u201d, asever\u00f3 el presidente de Argentina.<\/p>\n<p><strong>El decreto establece que:<\/strong><\/p>\n<p>Se declara a la telefon\u00eda celular y fija, a los servicios de internet y a la TV paga como servicios p\u00fablicos esenciales y se congelan los precios hasta el 31 de diciembre del 2020<\/p>\n<p>Mediante un DNU (decreto de necesidad y urgencia) que se publicar\u00e1 esta noche el Gobierno nacional declarar\u00e1 a la telefon\u00eda celular y fija, a los servicios de internet y a la TV paga como un servicio p\u00fablico y esencial.<\/p>\n<p>Adem\u00e1s se congelar\u00e1n hasta el 31 de diciembre de 2020 las tarifas de los servicios telef\u00f3nicos, de internet y de la televisi\u00f3n paga.<\/p>\n<p>Tampoco podr\u00e1 haber aumento de tarifas en el futuro sin previa autorizaci\u00f3n del Estado.<\/p>\n<p>Se resuelve tambi\u00e9n que el Estado recupere las herramientas regulatorias.<\/p>\n<p>La educaci\u00f3n, el acceso al conocimiento, a la cultura y la comunicaci\u00f3n son derechos b\u00e1sicos. Por eso se ha decidido que habr\u00e1 planes inclusivos de prestaci\u00f3n b\u00e1sica universal y obligatoria para los que menos tienen.<\/p>\n<div class=\"oasis-despues-del-contenido\" id=\"oasis-4262757392\"><img loading=\"lazy\" decoding=\"async\" src=\"https:\/\/oasisfm935.com.ar\/site\/wp-content\/uploads\/2020\/08\/47806202-8741-49f2-a5c9-d2f930e5baa1.jpg\" alt=\"\"  srcset=\"https:\/\/oasisfm935.com.ar\/site\/wp-content\/uploads\/2020\/08\/47806202-8741-49f2-a5c9-d2f930e5baa1.jpg 1080w, https:\/\/oasisfm935.com.ar\/site\/wp-content\/uploads\/2020\/08\/47806202-8741-49f2-a5c9-d2f930e5baa1-300x300.jpg 300w, https:\/\/oasisfm935.com.ar\/site\/wp-content\/uploads\/2020\/08\/47806202-8741-49f2-a5c9-d2f930e5baa1-1024x1024.jpg 1024w, https:\/\/oasisfm935.com.ar\/site\/wp-content\/uploads\/2020\/08\/47806202-8741-49f2-a5c9-d2f930e5baa1-150x150.jpg 150w, https:\/\/oasisfm935.com.ar\/site\/wp-content\/uploads\/2020\/08\/47806202-8741-49f2-a5c9-d2f930e5baa1-768x768.jpg 768w\" sizes=\"(max-width: 1080px) 100vw, 1080px\" class=\"no-lazyload\" width=\"1080\" height=\"1080\"  style=\"display: inline-block;\" \/><\/div>","protected":false},"excerpt":{"rendered":"<p>El presidente de la Naci\u00f3n, Alberto Fern\u00e1ndez, inform\u00f3 esta tarde que la decisi\u00f3n se tom\u00f3 para garantizar un acceso universal a los<\/p>\n","protected":false},"author":4,"featured_media":6415,"comment_status":"closed","ping_status":"open","sticky":false,"template":"","format":"standard","meta":{"colormag_page_layout":"default_layout","footnotes":""},"categories":[2],"tags":[],"class_list":["post-6414","post","type-post","status-publish","format-standard","has-post-thumbnail","hentry","category-noticias"],"_links":{"self":[{"href":"https:\/\/oasisfm935.com.ar\/site\/wp-json\/wp\/v2\/posts\/6414","targetHints":{"allow":["GET"]}}],"collection":[{"href":"https:\/\/oasisfm935.com.ar\/site\/wp-json\/wp\/v2\/posts"}],"about":[{"href":"https:\/\/oasisfm935.com.ar\/site\/wp-json\/wp\/v2\/types\/post"}],"author":[{"embeddable":true,"href":"https:\/\/oasisfm935.com.ar\/site\/wp-json\/wp\/v2\/users\/4"}],"replies":[{"embeddable":true,"href":"https:\/\/oasisfm935.com.ar\/site\/wp-json\/wp\/v2\/comments?post=6414"}],"version-history":[{"count":1,"href":"https:\/\/oasisfm935.com.ar\/site\/wp-json\/wp\/v2\/posts\/6414\/revisions"}],"predecessor-version":[{"id":6416,"href":"https:\/\/oasisfm935.com.ar\/site\/wp-json\/wp\/v2\/posts\/6414\/revisions\/6416"}],"wp:featuredmedia":[{"embeddable":true,"href":"https:\/\/oasisfm935.com.ar\/site\/wp-json\/wp\/v2\/media\/6415"}],"wp:attachment":[{"href":"https:\/\/oasisfm935.com.ar\/site\/wp-json\/wp\/v2\/media?parent=6414"}],"wp:term":[{"taxonomy":"category","embeddable":true,"href":"https:\/\/oasisfm935.com.ar\/site\/wp-json\/wp\/v2\/categories?post=6414"},{"taxonomy":"post_tag","embeddable":true,"href":"https:\/\/oasisfm935.com.ar\/site\/wp-json\/wp\/v2\/tags?post=6414"}],"curies":[{"name":"wp","href":"https:\/\/api.w.org\/{rel}","templated":true}]}}