{"id":6417,"date":"2020-08-22T12:27:39","date_gmt":"2020-08-22T15:27:39","guid":{"rendered":"http:\/\/oasisfm935.com\/site\/?p=6417"},"modified":"2020-08-22T12:27:39","modified_gmt":"2020-08-22T15:27:39","slug":"la-pampa-unica-provincia-que-tiene-habilitados-encuentros-familiares","status":"publish","type":"post","link":"https:\/\/oasisfm935.com.ar\/site\/la-pampa-unica-provincia-que-tiene-habilitados-encuentros-familiares\/","title":{"rendered":"La Pampa, \u00fanica provincia que tiene habilitados encuentros familiares."},"content":{"rendered":"<p>Desde este s\u00e1bado rige la excepci\u00f3n que habilit\u00f3 el gobierno nacional al decreto vigente, pero que\u00a0<strong>no incluye encuentros \u201csociales\u201d. Tambi\u00e9n por esa circunstancia la medida no abarca reuniones nocturnas.<\/strong><\/p>\n<p>La Pampa es la \u00fanica provincia del pa\u00eds que tiene habilitados encuentros \u201cfamiliares\u201d, como excepci\u00f3n al decreto nacional que impide en todo el territorio ese tipo de reuniones.<\/p>\n<p>El \u201cpermitido\u201d que logr\u00f3 el gobierno provincial es para reuniones de tipo \u201cfamiliar\u201d, que en su esencia implica un tono y estilo diferente al de los encuentros \u201csociales\u201d.<\/p>\n<p>Aunque no habr\u00e1 controles estrictos en ese sentido, el gobierno pampeano aspira a que entre las normas que se respeten -y que est\u00e1n precisadas en el decreto- se incluya la pertenencia a un mismo grupo familiar.<\/p>\n<p>Por esa raz\u00f3n, entre otros detalles, es que no se habilitaron encuentros nocturnos, sino m\u00e1s bien reuniones para un almuerzo.<\/p>\n<p>La medida implica una excepci\u00f3n al decreto nacional que prohibe las reuniones de este tipo. Tiene vigencia en toda la provincia menos en la localidad de La Adela, lim\u00edtrofe con R\u00edo Negro, que por sus especiales circunstancias prefiri\u00f3 mantenerse al margen del \u201cpermitido\u201d.<\/p>\n<p>El Decreto provincial que autoriza las reuniones familiares precisa que podr\u00e1n realizarse los d\u00edas s\u00e1bados, domingos y feriados en el horario de 10 a 18 horas, con un m\u00e1ximo de 10 personas y en domicilios particulares.<\/p>\n<p>A los efectos de facilitar las reuniones con familiares de otras localidades, se habilit\u00f3 en todo el territorio de la Provincia la circulaci\u00f3n los d\u00edas s\u00e1bados, domingos y feriados en el horario de 7 a 21 horas.<\/p>\n<p>Los traslados interurbanos que se realicen con este fin no requerir\u00e1n el permiso de circulaci\u00f3n que los habilite.<\/p>\n<p>El inst\u00f3 a \u201cactuar con compromiso, solidaridad y responsabilidad social, acatando las formas, condiciones y modalidades aconsejadas\u201d.<\/p>\n<p>Se enfatiz\u00f3 la necesidad de tener \u201cen cuenta que la pandemia provocada por el Coronavirus \u2013COVID 19- involucra cuestiones sensibles de salud de toda la poblaci\u00f3n\u201d.<\/p>\n<p>Se insisti\u00f3, desde ya, en la necesidad de continuar utilizando el cubre nariz, boca y ment\u00f3n y se sugiere que las reuniones se lleven a cabo en lugares abiertos; en caso de realizaci\u00f3n en lugares cerrados, que cuenten con suficiente ventilaci\u00f3n y aireaci\u00f3n naturales.<\/p>\n<p>Los encuentros no podr\u00e1n ser de m\u00e1s de 10 personas. y se recomienda no compartir el mate o infusiones, ni utensilios, ni vajillas.<\/p>\n<p>Se debe mantener en todo momento un distanciamiento social m\u00ednimo de 2 metros entre personas y se deber\u00e1n contar con elementos para higiene frecuente de manos (lavado con agua y jab\u00f3n o alcohol al 70% diluido o en gel).<\/p>\n<div class=\"oasis-despues-del-contenido\" id=\"oasis-2484375544\"><img loading=\"lazy\" decoding=\"async\" src=\"https:\/\/oasisfm935.com.ar\/site\/wp-content\/uploads\/2020\/08\/47806202-8741-49f2-a5c9-d2f930e5baa1.jpg\" alt=\"\"  srcset=\"https:\/\/oasisfm935.com.ar\/site\/wp-content\/uploads\/2020\/08\/47806202-8741-49f2-a5c9-d2f930e5baa1.jpg 1080w, https:\/\/oasisfm935.com.ar\/site\/wp-content\/uploads\/2020\/08\/47806202-8741-49f2-a5c9-d2f930e5baa1-300x300.jpg 300w, https:\/\/oasisfm935.com.ar\/site\/wp-content\/uploads\/2020\/08\/47806202-8741-49f2-a5c9-d2f930e5baa1-1024x1024.jpg 1024w, https:\/\/oasisfm935.com.ar\/site\/wp-content\/uploads\/2020\/08\/47806202-8741-49f2-a5c9-d2f930e5baa1-150x150.jpg 150w, https:\/\/oasisfm935.com.ar\/site\/wp-content\/uploads\/2020\/08\/47806202-8741-49f2-a5c9-d2f930e5baa1-768x768.jpg 768w\" sizes=\"(max-width: 1080px) 100vw, 1080px\" class=\"no-lazyload\" width=\"1080\" height=\"1080\"  style=\"display: inline-block;\" \/><\/div>","protected":false},"excerpt":{"rendered":"<p>Desde este s\u00e1bado rige la excepci\u00f3n que habilit\u00f3 el gobierno nacional al decreto vigente, pero que\u00a0no incluye encuentros \u201csociales\u201d. Tambi\u00e9n por esa<\/p>\n","protected":false},"author":4,"featured_media":6418,"comment_status":"closed","ping_status":"open","sticky":false,"template":"","format":"standard","meta":{"colormag_page_layout":"default_layout","footnotes":""},"categories":[2],"tags":[],"class_list":["post-6417","post","type-post","status-publish","format-standard","has-post-thumbnail","hentry","category-noticias"],"_links":{"self":[{"href":"https:\/\/oasisfm935.com.ar\/site\/wp-json\/wp\/v2\/posts\/6417","targetHints":{"allow":["GET"]}}],"collection":[{"href":"https:\/\/oasisfm935.com.ar\/site\/wp-json\/wp\/v2\/posts"}],"about":[{"href":"https:\/\/oasisfm935.com.ar\/site\/wp-json\/wp\/v2\/types\/post"}],"author":[{"embeddable":true,"href":"https:\/\/oasisfm935.com.ar\/site\/wp-json\/wp\/v2\/users\/4"}],"replies":[{"embeddable":true,"href":"https:\/\/oasisfm935.com.ar\/site\/wp-json\/wp\/v2\/comments?post=6417"}],"version-history":[{"count":1,"href":"https:\/\/oasisfm935.com.ar\/site\/wp-json\/wp\/v2\/posts\/6417\/revisions"}],"predecessor-version":[{"id":6419,"href":"https:\/\/oasisfm935.com.ar\/site\/wp-json\/wp\/v2\/posts\/6417\/revisions\/6419"}],"wp:featuredmedia":[{"embeddable":true,"href":"https:\/\/oasisfm935.com.ar\/site\/wp-json\/wp\/v2\/media\/6418"}],"wp:attachment":[{"href":"https:\/\/oasisfm935.com.ar\/site\/wp-json\/wp\/v2\/media?parent=6417"}],"wp:term":[{"taxonomy":"category","embeddable":true,"href":"https:\/\/oasisfm935.com.ar\/site\/wp-json\/wp\/v2\/categories?post=6417"},{"taxonomy":"post_tag","embeddable":true,"href":"https:\/\/oasisfm935.com.ar\/site\/wp-json\/wp\/v2\/tags?post=6417"}],"curies":[{"name":"wp","href":"https:\/\/api.w.org\/{rel}","templated":true}]}}